{"id":3554,"date":"2012-06-29T23:22:13","date_gmt":"2012-06-29T20:22:13","guid":{"rendered":"http:\/\/bloggen.fi\/skruttet\/?p=3554"},"modified":"2012-06-29T23:22:13","modified_gmt":"2012-06-29T20:22:13","slug":"ett-litet-tips-om-du-ska-mala-fonster","status":"publish","type":"post","link":"https:\/\/blog.skruttet.com\/?p=3554","title":{"rendered":"Ett litet tips om du ska m\u00e5la f\u00f6nster&#8230;."},"content":{"rendered":"<p>En fin dag b\u00f6rjar n\u00e4rma sig slutet.<a href=\"http:\/\/www.skruttet.com\/blog\/wp-content\/uploads\/2012\/06\/bl\u00e5tape.jpg\"><img loading=\"lazy\" class=\"alignright size-medium wp-image-3555\" src=\"http:\/\/www.skruttet.com\/blog\/wp-content\/uploads\/2012\/06\/bl\u00e5tape-300x224.jpg\" alt=\"\" width=\"300\" height=\"224\" srcset=\"https:\/\/blog.skruttet.com\/wp-content\/uploads\/2012\/06\/bl\u00e5tape-300x224.jpg 300w, https:\/\/blog.skruttet.com\/wp-content\/uploads\/2012\/06\/bl\u00e5tape-400x300.jpg 400w, https:\/\/blog.skruttet.com\/wp-content\/uploads\/2012\/06\/bl\u00e5tape.jpg 525w\" sizes=\"(max-width: 300px) 100vw, 300px\" \/><\/a><\/p>\n<p>En dag med syssels\u00e4ttning av varierande slag. \ud83d\ude42<br \/>\nSolens str\u00e5lar v\u00e4rmde min kind tidigt denna morgon. Efter frukosten \u00e5kte de mindre vackra men ack s\u00e5 bekv\u00e4ma arbetskl\u00e4derna p\u00e5 och vi \u00a0fortsatte projektet h\u00e4r i \u00c4nglaparadiset med att m\u00e5la f\u00f6nsterkarmar.<\/p>\n<p>Under m\u00e5lningen testade vi en maskeringstape, en UV-resistent s\u00e5dan,\u00a0som vi inte anv\u00e4nt tidigare. Positivt \u00f6verraskade blev vi b\u00e5da!<br \/>\nTapen var verkligen l\u00e4tt att anv\u00e4nda; bara att l\u00e4gga l\u00e4ngs kanten som skydd f\u00f6r glaset. Och efter ca tv\u00e5 dygn i solsken kunde tapen enkelt tas bort utan att n\u00e5gra som helst m\u00e4rken eller rester av lim l\u00e4mnades kvar. \ud83d\ude00<\/p>\n<p>Den \u00e4r aningen dyrare \u00e4n vanlig m\u00e5lartape, men helt klart v\u00e4rt det med tanke p\u00e5 hur mycket arbete den besparar dig.<\/p>\n<p>Nu b\u00f6rjar det s\u00e5 sm\u00e5ningom bli l\u00e4ggdags. Det \u00e4r en ny dag i morgon!<br \/>\nGodnatt &amp; Tack f\u00f6r i dag s\u00e4ger jag. Var r\u00e4dda om varandra!<\/p>\n<p>\u00c4nglakramar!!<\/p>\n","protected":false},"excerpt":{"rendered":"<p>En fin dag b\u00f6rjar n\u00e4rma sig slutet. En dag med syssels\u00e4ttning av varierande slag. \ud83d\ude42 Solens str\u00e5lar v\u00e4rmde min kind tidigt denna morgon. Efter frukosten \u00e5kte de mindre vackra men ack s\u00e5 bekv\u00e4ma arbetskl\u00e4derna p\u00e5 och vi \u00a0fortsatte projektet h\u00e4r &hellip; <a href=\"https:\/\/blog.skruttet.com\/?p=3554\">Forts\u00e4tt l\u00e4sa <span class=\"meta-nav\">&rarr;<\/span><\/a><\/p>\n","protected":false},"author":1,"featured_media":0,"comment_status":"open","ping_status":"closed","sticky":false,"template":"","format":"standard","meta":[],"categories":[12,16],"tags":[],"_links":{"self":[{"href":"https:\/\/blog.skruttet.com\/index.php?rest_route=\/wp\/v2\/posts\/3554"}],"collection":[{"href":"https:\/\/blog.skruttet.com\/index.php?rest_route=\/wp\/v2\/posts"}],"about":[{"href":"https:\/\/blog.skruttet.com\/index.php?rest_route=\/wp\/v2\/types\/post"}],"author":[{"embeddable":true,"href":"https:\/\/blog.skruttet.com\/index.php?rest_route=\/wp\/v2\/users\/1"}],"replies":[{"embeddable":true,"href":"https:\/\/blog.skruttet.com\/index.php?rest_route=%2Fwp%2Fv2%2Fcomments&post=3554"}],"version-history":[{"count":0,"href":"https:\/\/blog.skruttet.com\/index.php?rest_route=\/wp\/v2\/posts\/3554\/revisions"}],"wp:attachment":[{"href":"https:\/\/blog.skruttet.com\/index.php?rest_route=%2Fwp%2Fv2%2Fmedia&parent=3554"}],"wp:term":[{"taxonomy":"category","embeddable":true,"href":"https:\/\/blog.skruttet.com\/index.php?rest_route=%2Fwp%2Fv2%2Fcategories&post=3554"},{"taxonomy":"post_tag","embeddable":true,"href":"https:\/\/blog.skruttet.com\/index.php?rest_route=%2Fwp%2Fv2%2Ftags&post=3554"}],"curies":[{"name":"wp","href":"https:\/\/api.w.org\/{rel}","templated":true}]}}