{"id":3566,"date":"2012-07-02T16:19:17","date_gmt":"2012-07-02T13:19:17","guid":{"rendered":"http:\/\/bloggen.fi\/skruttet\/?p=3566"},"modified":"2012-07-02T16:19:17","modified_gmt":"2012-07-02T13:19:17","slug":"det-var-sa-roligt-att-komma-hem","status":"publish","type":"post","link":"https:\/\/blog.skruttet.com\/?p=3566","title":{"rendered":"Det var s\u00e5 roligt att komma hem. :)"},"content":{"rendered":"<p>S\u00e5d\u00e4r! D\u00e5 \u00e4r vi hemma igen.<br \/>\nT\u00e4nk s\u00e5 sk\u00f6n s\u00e4ngen tycktes vara i morse!!<br \/>\nMulet och sol om vartannat i dag. \u00a0Perfekt v\u00e4der f\u00f6r lite fix inomhus. \ud83d\ude42<br \/>\nAlmanackan p\u00e5 v\u00e4ggen visar fortfarande Juni. \u00a0Dags att v\u00e4nda blad: Juli m\u00e5nad.<br \/>\nDet inneb\u00e4r semester f\u00f6r m\u00e5nga.<\/p>\n<p>Sj\u00e4lv \u00e4r jag som bekant \u00e4nnu sjukskriven \u00e4n. Jag lider inte n\u00e4mnv\u00e4rt av det just nu m\u00e5ste jag erk\u00e4nna. Inte annat \u00e4n att det blir lite tr\u00e5kigt i l\u00e4ngden. Realisten i mig s\u00e4ger dock att jag vackert f\u00e5r gilla l\u00e4get och jag kan \u00e4ven erk\u00e4nna att det faktiskt ska bli sp\u00e4nnande att \u00e5ter m\u00f6ta \u00c4nglaproffessorerna till h\u00f6sten \ud83d\ude42<\/p>\n<p>Vad jag ska hitta p\u00e5 f\u00f6r l\u00e5ngtidsprojekt till n\u00e4sta l\u00e5ngtidssjuksrivning \u00e5terst\u00e5r att se. N\u00e5tt m\u00e5ste jag syssels\u00e4tta mig med! Annars f\u00e5r jag n\u00e5tt st\u00f6rre fel \ud83d\ude09 Tips mottages med tacksamhet! \u00c4nda kravet \u00e4r att det m\u00e5ste g\u00e5 att utf\u00f6ra hemifr\u00e5n och i sittande st\u00e4llning.<\/p>\n<p>Fr\u00e5n andra \u00e4ndan huset h\u00f6rs tv\u00e4ttmaskinens centrifug som s\u00e4ger mig att det snart \u00e4r dags f\u00f6r upph\u00e4ngning och nyladdning, \u00e4n kommer den att f\u00e5 arbeta f\u00f6r att korgen med semestertv\u00e4tt ska bli tom. N\u00e4r vi klev in i \u00c4nglag\u00e5rden drog jag \u00a0en l\u00e4ttnadens suck \u00f6ver att vi st\u00e4dade innan vi \u00e5kte! Det var s\u00e5 roligt att komma hem. \ud83d\ude42<\/p>\n<p>Nu \u00e4r det dags att g\u00f6ra mig i ordning f\u00f6r kv\u00e4llens bravader!<br \/>\nHa en underbar forts\u00e4ttning p\u00e5 m\u00e5ndagen,<br \/>\n\u00c4nglakramar!!<\/p>\n","protected":false},"excerpt":{"rendered":"<p>S\u00e5d\u00e4r! D\u00e5 \u00e4r vi hemma igen. T\u00e4nk s\u00e5 sk\u00f6n s\u00e4ngen tycktes vara i morse!! Mulet och sol om vartannat i dag. \u00a0Perfekt v\u00e4der f\u00f6r lite fix inomhus. \ud83d\ude42 Almanackan p\u00e5 v\u00e4ggen visar fortfarande Juni. \u00a0Dags att v\u00e4nda blad: Juli m\u00e5nad. &hellip; <a href=\"https:\/\/blog.skruttet.com\/?p=3566\">Forts\u00e4tt l\u00e4sa <span class=\"meta-nav\">&rarr;<\/span><\/a><\/p>\n","protected":false},"author":1,"featured_media":0,"comment_status":"open","ping_status":"closed","sticky":false,"template":"","format":"standard","meta":[],"categories":[10,13,16],"tags":[],"_links":{"self":[{"href":"https:\/\/blog.skruttet.com\/index.php?rest_route=\/wp\/v2\/posts\/3566"}],"collection":[{"href":"https:\/\/blog.skruttet.com\/index.php?rest_route=\/wp\/v2\/posts"}],"about":[{"href":"https:\/\/blog.skruttet.com\/index.php?rest_route=\/wp\/v2\/types\/post"}],"author":[{"embeddable":true,"href":"https:\/\/blog.skruttet.com\/index.php?rest_route=\/wp\/v2\/users\/1"}],"replies":[{"embeddable":true,"href":"https:\/\/blog.skruttet.com\/index.php?rest_route=%2Fwp%2Fv2%2Fcomments&post=3566"}],"version-history":[{"count":0,"href":"https:\/\/blog.skruttet.com\/index.php?rest_route=\/wp\/v2\/posts\/3566\/revisions"}],"wp:attachment":[{"href":"https:\/\/blog.skruttet.com\/index.php?rest_route=%2Fwp%2Fv2%2Fmedia&parent=3566"}],"wp:term":[{"taxonomy":"category","embeddable":true,"href":"https:\/\/blog.skruttet.com\/index.php?rest_route=%2Fwp%2Fv2%2Fcategories&post=3566"},{"taxonomy":"post_tag","embeddable":true,"href":"https:\/\/blog.skruttet.com\/index.php?rest_route=%2Fwp%2Fv2%2Ftags&post=3566"}],"curies":[{"name":"wp","href":"https:\/\/api.w.org\/{rel}","templated":true}]}}