{"id":3570,"date":"2012-07-04T13:58:42","date_gmt":"2012-07-04T10:58:42","guid":{"rendered":"http:\/\/bloggen.fi\/skruttet\/?p=3570"},"modified":"2012-07-04T13:58:42","modified_gmt":"2012-07-04T10:58:42","slug":"det-frodas-i-banken","status":"publish","type":"post","link":"https:\/\/blog.skruttet.com\/?p=3570","title":{"rendered":"Det frodas i b\u00e4nken!!"},"content":{"rendered":"<p>Njuter f\u00f6r fullt!!!<a href=\"http:\/\/www.skruttet.com\/blog\/wp-content\/uploads\/2012\/07\/fika_1210265153_9270164_62740041.jpg\"><img loading=\"lazy\" class=\"alignright size-medium wp-image-3571\" src=\"http:\/\/www.skruttet.com\/blog\/wp-content\/uploads\/2012\/07\/fika_1210265153_9270164_62740041-300x225.jpg\" alt=\"\" width=\"300\" height=\"225\" srcset=\"https:\/\/blog.skruttet.com\/wp-content\/uploads\/2012\/07\/fika_1210265153_9270164_62740041-300x225.jpg 300w, https:\/\/blog.skruttet.com\/wp-content\/uploads\/2012\/07\/fika_1210265153_9270164_62740041-400x300.jpg 400w, https:\/\/blog.skruttet.com\/wp-content\/uploads\/2012\/07\/fika_1210265153_9270164_62740041.jpg 500w\" sizes=\"(max-width: 300px) 100vw, 300px\" \/><\/a><br \/>\nHar varit ute i det underbara v\u00e4dret och sett \u00f6ver min lilla upph\u00f6ja odlingsb\u00e4nk \ud83d\ude42<br \/>\nDet b\u00f6rjar ta sig riktigt fint i den. En av v\u00e5ra lurviga filurer h\u00f6ll mig s\u00e4llskap medan jag pysslade och vattnade i b\u00e4nken. Filuren nj\u00f6t av att k\u00e4nna svalkan p\u00e5 avst\u00e5nd fr\u00e5n det kalla vattnet. S\u00e5g s\u00e5 nyfiket p\u00e5 och v\u00e4ntade sig en munsbit&#8230;<\/p>\n<p>Jag skakade p\u00e5 huvudet och konstaterade att:\u00a0Det h\u00e4r skulle du nog \u00e4nd\u00e5 inte gilla lilla v\u00e4n!<\/p>\n<p>Det tycktes d\u00e5 pl\u00f6tsligt vara intressantare att g\u00e5 iv\u00e4g, leta efter skugga p\u00e5 \u00c4nglag\u00e5rdens takbelagda terrass och sova bort en stund.<\/p>\n<p>S\u00e5 sm\u00e5ningom v\u00e4ntas kaffe i gott \u00e4nglas\u00e4llskap. H\u00e4rligt ska det bli att ses och prata bort en stund! Tror nog jag plockar med kannan och dukar kaffet p\u00e5 terrassen.<\/p>\n<p>Ha en fin Onsdag,<br \/>\n\u00c4nglakramar!!<\/p>\n","protected":false},"excerpt":{"rendered":"<p>Njuter f\u00f6r fullt!!! Har varit ute i det underbara v\u00e4dret och sett \u00f6ver min lilla upph\u00f6ja odlingsb\u00e4nk \ud83d\ude42 Det b\u00f6rjar ta sig riktigt fint i den. En av v\u00e5ra lurviga filurer h\u00f6ll mig s\u00e4llskap medan jag pysslade och vattnade i &hellip; <a href=\"https:\/\/blog.skruttet.com\/?p=3570\">Forts\u00e4tt l\u00e4sa <span class=\"meta-nav\">&rarr;<\/span><\/a><\/p>\n","protected":false},"author":1,"featured_media":0,"comment_status":"open","ping_status":"closed","sticky":false,"template":"","format":"standard","meta":[],"categories":[16],"tags":[],"_links":{"self":[{"href":"https:\/\/blog.skruttet.com\/index.php?rest_route=\/wp\/v2\/posts\/3570"}],"collection":[{"href":"https:\/\/blog.skruttet.com\/index.php?rest_route=\/wp\/v2\/posts"}],"about":[{"href":"https:\/\/blog.skruttet.com\/index.php?rest_route=\/wp\/v2\/types\/post"}],"author":[{"embeddable":true,"href":"https:\/\/blog.skruttet.com\/index.php?rest_route=\/wp\/v2\/users\/1"}],"replies":[{"embeddable":true,"href":"https:\/\/blog.skruttet.com\/index.php?rest_route=%2Fwp%2Fv2%2Fcomments&post=3570"}],"version-history":[{"count":0,"href":"https:\/\/blog.skruttet.com\/index.php?rest_route=\/wp\/v2\/posts\/3570\/revisions"}],"wp:attachment":[{"href":"https:\/\/blog.skruttet.com\/index.php?rest_route=%2Fwp%2Fv2%2Fmedia&parent=3570"}],"wp:term":[{"taxonomy":"category","embeddable":true,"href":"https:\/\/blog.skruttet.com\/index.php?rest_route=%2Fwp%2Fv2%2Fcategories&post=3570"},{"taxonomy":"post_tag","embeddable":true,"href":"https:\/\/blog.skruttet.com\/index.php?rest_route=%2Fwp%2Fv2%2Ftags&post=3570"}],"curies":[{"name":"wp","href":"https:\/\/api.w.org\/{rel}","templated":true}]}}