{"id":359,"date":"2007-08-23T10:34:08","date_gmt":"2007-08-23T08:34:08","guid":{"rendered":"http:\/\/k"},"modified":"2007-08-23T10:34:08","modified_gmt":"2007-08-23T08:34:08","slug":"kansla-av-tomhet","status":"publish","type":"post","link":"https:\/\/blog.skruttet.com\/?p=359","title":{"rendered":"K\u00e4nsla av tomhet"},"content":{"rendered":"<p><a href=\"http:\/\/bilder.bloggen.fi\/skruttet\/when_roses_cry_blood.jpg\"><img src=\"http:\/\/bilder.bloggen.fi\/skruttet\/thumb_when_roses_cry_blood.jpg\" align=\"right\" border=\"0\"><\/a><\/p>\n<div>\u00c5ter en ny morgon&#8230;. Natten har varit bra, jag sov riktigt gott! \u00c4nglaborgen k\u00e4nns sorgsen&#8230; S\u00e5 ensamt och ekande tomt&#8230; <\/div>\n<div>Har \u00e4nnu inte plockat n\u00e5gra grejer i l\u00e5dor.. Ska se om jag hittar l\u00e5dor i dag&#8230;. F\u00f6r vare sig jag inte f\u00e5r l\u00e4genheten jag t\u00e4nker s\u00f6ka eller inte s\u00e5 ska ju \u00e4nd\u00e5 grejerna delas. N\u00e5got som jag vill ha m\u00f6jlighet att g\u00f6ra i LUGN &amp; RO tillsammans med \u00e4ngeln med ett hj\u00e4rta av guld.<\/div>\n<div>&nbsp;<\/div>\n<div>Jag vill ha tid att prata, gr\u00e5ta och avrunda v\u00e5ra 7 \u00e5r tillsammans, dessa underbara \u00e5r!!<\/div>\n<div>Vill inte att n\u00e5got ska l\u00e4mnas osagt eller oklart&#8230;. Vill inte att n\u00e5gon av oss ska uppleva ovisshetens k\u00e4nsla!! Den \u00e4r s\u00e5\u00e5\u00e5 tung att leva med!!<\/div>\n<div>&nbsp;<\/div>\n<div>Nu \u00e4r det dags f\u00f6r frukost. Sedan g\u00e5r en stor del av dagens tid att utr\u00e4tta saker som jag l\u00e4mnat ogjorda&#8230;. En kaffestund med min \u00e4nglasyster &amp; Den lilla \u00e4lskade \u00e4ngeln blir det ocks\u00e5 i dag.<\/div>\n<div>&nbsp;<\/div>\n<div>Har fattat beslutet att det f\u00f6r tillf\u00e4llet \u00e4r b\u00e4st att ta ett uppeh\u00e5ll med hormonbehandlingen. Kroppen bara skriker efter vila fr\u00e5n dessa behandlingar nu!!<\/div>\n<div>&nbsp;<\/div>\n<div>Dags f\u00f6r frukost!!<\/div>\n","protected":false},"excerpt":{"rendered":"<p>\u00c5ter en ny morgon&#8230;. Natten har varit bra, jag sov riktigt gott! \u00c4nglaborgen k\u00e4nns sorgsen&#8230; S\u00e5 ensamt och ekande tomt&#8230; Har \u00e4nnu inte plockat n\u00e5gra grejer i l\u00e5dor.. Ska se om jag hittar l\u00e5dor i dag&#8230;. F\u00f6r vare sig jag &hellip; <a href=\"https:\/\/blog.skruttet.com\/?p=359\">Forts\u00e4tt l\u00e4sa <span class=\"meta-nav\">&rarr;<\/span><\/a><\/p>\n","protected":false},"author":1,"featured_media":0,"comment_status":"open","ping_status":"open","sticky":false,"template":"","format":"standard","meta":[],"categories":[9],"tags":[],"_links":{"self":[{"href":"https:\/\/blog.skruttet.com\/index.php?rest_route=\/wp\/v2\/posts\/359"}],"collection":[{"href":"https:\/\/blog.skruttet.com\/index.php?rest_route=\/wp\/v2\/posts"}],"about":[{"href":"https:\/\/blog.skruttet.com\/index.php?rest_route=\/wp\/v2\/types\/post"}],"author":[{"embeddable":true,"href":"https:\/\/blog.skruttet.com\/index.php?rest_route=\/wp\/v2\/users\/1"}],"replies":[{"embeddable":true,"href":"https:\/\/blog.skruttet.com\/index.php?rest_route=%2Fwp%2Fv2%2Fcomments&post=359"}],"version-history":[{"count":0,"href":"https:\/\/blog.skruttet.com\/index.php?rest_route=\/wp\/v2\/posts\/359\/revisions"}],"wp:attachment":[{"href":"https:\/\/blog.skruttet.com\/index.php?rest_route=%2Fwp%2Fv2%2Fmedia&parent=359"}],"wp:term":[{"taxonomy":"category","embeddable":true,"href":"https:\/\/blog.skruttet.com\/index.php?rest_route=%2Fwp%2Fv2%2Fcategories&post=359"},{"taxonomy":"post_tag","embeddable":true,"href":"https:\/\/blog.skruttet.com\/index.php?rest_route=%2Fwp%2Fv2%2Ftags&post=359"}],"curies":[{"name":"wp","href":"https:\/\/api.w.org\/{rel}","templated":true}]}}