{"id":3590,"date":"2012-07-07T21:09:55","date_gmt":"2012-07-07T18:09:55","guid":{"rendered":"http:\/\/bloggen.fi\/skruttet\/?p=3590"},"modified":"2012-07-07T21:09:55","modified_gmt":"2012-07-07T18:09:55","slug":"vardagslall-fran-skruttet","status":"publish","type":"post","link":"https:\/\/blog.skruttet.com\/?p=3590","title":{"rendered":"Vardagslall fr\u00e5n Skruttet&#8230;"},"content":{"rendered":"<p>L\u00f6rdag.<a href=\"http:\/\/www.skruttet.com\/blog\/wp-content\/uploads\/2012\/07\/bl\u00e5-blomma.jpg\"><img loading=\"lazy\" class=\"alignright size-full wp-image-3591\" src=\"http:\/\/www.skruttet.com\/blog\/wp-content\/uploads\/2012\/07\/bl\u00e5-blomma.jpg\" alt=\"\" width=\"140\" height=\"140\" \/><\/a><br \/>\nL\u00e5ter fingrarna vila p\u00e5 tangentbordet en stund innan jag b\u00f6rjar skriva. Skriver i v\u00e4ntan p\u00e5 att bastun ska bli varm. \ud83d\ude42 Egentligen har jag inget speciellt att ber\u00e4tta. Inga smaskiga nyheter. Inga ledsamheter. Bara vardagligt lall. Och sk\u00f6nt \u00e4r det. Jag gillar v\u00e5r vardag! \ud83d\ude42<\/p>\n<p>Under dagen har vi pysslat med lite av varje.<br \/>\nBla. har projektet h\u00e4r hemma \u00a0framskridit i form av att det har m\u00e5lats. De om\u00e5lade br\u00e4dmetrarna minskar s\u00e5 sakteliga, men \u00e4n finns det nog kvar att g\u00f6ra. \ud83d\ude42<br \/>\nLite tr\u00e4dg\u00e5rdssk\u00f6tsel och annat sm\u00e5tt har ocks\u00e5 sysselsatt oss. H\u00e4rligt att se hur allt i tr\u00e4g\u00e5rden v\u00e4xer till sig.<\/p>\n<p>Under resten av kv\u00e4llen sker det nog inte mycket. K\u00e4nns som det skulle passa med en film efter bastubadet. S\u00e5 f\u00e5r det nog bli.<\/p>\n<p>Ha en fin l\u00f6rdagskv\u00e4ll,<br \/>\n\u00c4nglakramar!!<\/p>\n","protected":false},"excerpt":{"rendered":"<p>L\u00f6rdag. L\u00e5ter fingrarna vila p\u00e5 tangentbordet en stund innan jag b\u00f6rjar skriva. Skriver i v\u00e4ntan p\u00e5 att bastun ska bli varm. \ud83d\ude42 Egentligen har jag inget speciellt att ber\u00e4tta. Inga smaskiga nyheter. Inga ledsamheter. Bara vardagligt lall. Och sk\u00f6nt \u00e4r &hellip; <a href=\"https:\/\/blog.skruttet.com\/?p=3590\">Forts\u00e4tt l\u00e4sa <span class=\"meta-nav\">&rarr;<\/span><\/a><\/p>\n","protected":false},"author":1,"featured_media":0,"comment_status":"open","ping_status":"closed","sticky":false,"template":"","format":"standard","meta":[],"categories":[10,16],"tags":[],"_links":{"self":[{"href":"https:\/\/blog.skruttet.com\/index.php?rest_route=\/wp\/v2\/posts\/3590"}],"collection":[{"href":"https:\/\/blog.skruttet.com\/index.php?rest_route=\/wp\/v2\/posts"}],"about":[{"href":"https:\/\/blog.skruttet.com\/index.php?rest_route=\/wp\/v2\/types\/post"}],"author":[{"embeddable":true,"href":"https:\/\/blog.skruttet.com\/index.php?rest_route=\/wp\/v2\/users\/1"}],"replies":[{"embeddable":true,"href":"https:\/\/blog.skruttet.com\/index.php?rest_route=%2Fwp%2Fv2%2Fcomments&post=3590"}],"version-history":[{"count":0,"href":"https:\/\/blog.skruttet.com\/index.php?rest_route=\/wp\/v2\/posts\/3590\/revisions"}],"wp:attachment":[{"href":"https:\/\/blog.skruttet.com\/index.php?rest_route=%2Fwp%2Fv2%2Fmedia&parent=3590"}],"wp:term":[{"taxonomy":"category","embeddable":true,"href":"https:\/\/blog.skruttet.com\/index.php?rest_route=%2Fwp%2Fv2%2Fcategories&post=3590"},{"taxonomy":"post_tag","embeddable":true,"href":"https:\/\/blog.skruttet.com\/index.php?rest_route=%2Fwp%2Fv2%2Ftags&post=3590"}],"curies":[{"name":"wp","href":"https:\/\/api.w.org\/{rel}","templated":true}]}}