{"id":3605,"date":"2012-07-11T05:22:03","date_gmt":"2012-07-11T02:22:03","guid":{"rendered":"http:\/\/bloggen.fi\/skruttet\/?p=3605"},"modified":"2012-07-11T05:22:03","modified_gmt":"2012-07-11T02:22:03","slug":"nattsvammel","status":"publish","type":"post","link":"https:\/\/blog.skruttet.com\/?p=3605","title":{"rendered":"Nattsvammel&#8230;."},"content":{"rendered":"<p>28.7.07 l\u00f6d orden:<\/p>\n<p>Jag hoppas att ni sover b\u00e4ttre \u00e4n jag just nu\u2026..<br \/>\nJag borde sova\u2026.<br \/>\nJag har f\u00f6rs\u00f6kt sova\u2026.<br \/>\nJag har lyckats somna\u2026.<br \/>\nMen vaknat igen!<br \/>\nKunde inte somna\u2026.<br \/>\nV\u00e4nde, vred, s\u00e5g p\u00e5 klockan\u2026<br \/>\nV\u00e4nde, vred\u2026.<br \/>\nL\u00f6nl\u00f6st!<br \/>\nSteg upp, l\u00e4ste bloggar\u2026.<br \/>\nSriver egen\u2026<br \/>\nB\u00f6rjar bli tr\u00f6tt!<br \/>\nNu ska jag nog f\u00f6rs\u00f6ka sova igen!!<br \/>\nNattens g\u00e4st: Herr S\u00f6mnl\u00f6s<\/p>\n<p>Orden kunde vara de samma nu. \u00a0Sm\u00e4rta h\u00e5ller mig vaken&#8230;. V\u00e4ntar p\u00e5 att v\u00e4rktabletten ska hj\u00e4lpa&#8230;.\u00a0Varf\u00f6r k\u00e4nns detta s\u00e5 \u00e4ckligt bekant??? Ett liv d\u00e4r sm\u00e4rta begr\u00e4nsar&#8230;..<br \/>\nSTOPP!!! Jag vet hur det ser ut d\u00e4r&#8230;.. D\u00e4r har jag varit en g\u00e5ng&#8230;. Och jag beh\u00f6ver inte dit igen&#8230; D\u00e4r finns inget att h\u00e4mta&#8230;.<\/p>\n<p>Bah, gode gud l\u00e5t tiden g\u00e5 fort!!<br \/>\nJag l\u00e4ngtar till september!!<br \/>\nD\u00e5 kommer \u00c4nglaprofessorerna att vara mina idoler&#8230;<br \/>\nF\u00f6r JUST NU k\u00e4nns det som foten har gett upp&#8230; Och har f\u00e5tt nog..<\/p>\n<p>&#8230; H\u00e5ll ut!! Andas!! Fokusera!! V\u00e4nta!! L\u00e4ngta!!&#8230;.\u00a0Snart \u00e4r det bra!!&#8230;.<\/p>\n<p>Och till all lycka har jag ju iallafall en v\u00e4lfungerande fot, medan jag v\u00e4ntar f\u00e5r jag gl\u00e4djas \u00f6ver den \ud83d\ude42<\/p>\n","protected":false},"excerpt":{"rendered":"<p>28.7.07 l\u00f6d orden: Jag hoppas att ni sover b\u00e4ttre \u00e4n jag just nu\u2026.. Jag borde sova\u2026. Jag har f\u00f6rs\u00f6kt sova\u2026. Jag har lyckats somna\u2026. Men vaknat igen! Kunde inte somna\u2026. V\u00e4nde, vred, s\u00e5g p\u00e5 klockan\u2026 V\u00e4nde, vred\u2026. L\u00f6nl\u00f6st! Steg upp, &hellip; <a href=\"https:\/\/blog.skruttet.com\/?p=3605\">Forts\u00e4tt l\u00e4sa <span class=\"meta-nav\">&rarr;<\/span><\/a><\/p>\n","protected":false},"author":1,"featured_media":0,"comment_status":"open","ping_status":"closed","sticky":false,"template":"","format":"standard","meta":[],"categories":[7,9],"tags":[],"_links":{"self":[{"href":"https:\/\/blog.skruttet.com\/index.php?rest_route=\/wp\/v2\/posts\/3605"}],"collection":[{"href":"https:\/\/blog.skruttet.com\/index.php?rest_route=\/wp\/v2\/posts"}],"about":[{"href":"https:\/\/blog.skruttet.com\/index.php?rest_route=\/wp\/v2\/types\/post"}],"author":[{"embeddable":true,"href":"https:\/\/blog.skruttet.com\/index.php?rest_route=\/wp\/v2\/users\/1"}],"replies":[{"embeddable":true,"href":"https:\/\/blog.skruttet.com\/index.php?rest_route=%2Fwp%2Fv2%2Fcomments&post=3605"}],"version-history":[{"count":0,"href":"https:\/\/blog.skruttet.com\/index.php?rest_route=\/wp\/v2\/posts\/3605\/revisions"}],"wp:attachment":[{"href":"https:\/\/blog.skruttet.com\/index.php?rest_route=%2Fwp%2Fv2%2Fmedia&parent=3605"}],"wp:term":[{"taxonomy":"category","embeddable":true,"href":"https:\/\/blog.skruttet.com\/index.php?rest_route=%2Fwp%2Fv2%2Fcategories&post=3605"},{"taxonomy":"post_tag","embeddable":true,"href":"https:\/\/blog.skruttet.com\/index.php?rest_route=%2Fwp%2Fv2%2Ftags&post=3605"}],"curies":[{"name":"wp","href":"https:\/\/api.w.org\/{rel}","templated":true}]}}