{"id":3616,"date":"2012-07-23T22:34:43","date_gmt":"2012-07-23T19:34:43","guid":{"rendered":"http:\/\/bloggen.fi\/skruttet\/?p=3616"},"modified":"2012-07-23T22:34:43","modified_gmt":"2012-07-23T19:34:43","slug":"slut-pa-karjala","status":"publish","type":"post","link":"https:\/\/blog.skruttet.com\/?p=3616","title":{"rendered":"Slut p\u00e5 Karjala&#8230;"},"content":{"rendered":"<p>Egentligen har jag inte gjort s\u00e5 mycket idag, men det g\u00f6r ingenting.<br \/>\nEn sk\u00f6nt slapp dag. Tidvis med mindre bra v\u00e4der. Tryckande &#8211; ett \u00e5skv\u00e4der p\u00e5 g\u00e5ng?<br \/>\nMen det gav i sin tur att det perfekta tillf\u00e4llet att sitta med fingrarna p\u00e5 tangenterna, f\u00f6r att vara social n\u00e4t- och telefonledes.\u00a0Nej, inget \u00e5skv\u00e4der kom. \u00c5tminstone inte \u00e4nnu.<\/p>\n<p><a href=\"http:\/\/www.skruttet.com\/blog\/wp-content\/uploads\/2012\/07\/KarjalaBurk1.jpg\"><img loading=\"lazy\" class=\"alignright size-medium wp-image-3709\" src=\"http:\/\/www.skruttet.com\/blog\/wp-content\/uploads\/2012\/07\/KarjalaBurk1-225x300.jpg\" alt=\"\" width=\"225\" height=\"300\" srcset=\"https:\/\/blog.skruttet.com\/wp-content\/uploads\/2012\/07\/KarjalaBurk1-225x300.jpg 225w, https:\/\/blog.skruttet.com\/wp-content\/uploads\/2012\/07\/KarjalaBurk1.jpg 274w\" sizes=\"(max-width: 225px) 100vw, 225px\" \/><\/a>I morgon \u00e4r det dags att bes\u00f6ka den behandlande \u00c4ngeln igen.\u00a0Undrar om den g\u00e5ngna veckans egentr\u00e4ning \u00e4r tillr\u00e4ckligt f\u00f6r att orka \u00e4n mer \u00e4n senast?<\/p>\n<p>Det \u00e5terst\u00e5r att se. Nu f\u00e5r jag \u00e5tminstone komma p\u00e5 n\u00e5got nytt s\u00e4tt att egentr\u00e4na p\u00e5. F\u00f6r nu \u00e4r det f\u00e4rdigt m\u00e5lat f\u00f6r den h\u00e4r g\u00e5ngen \ud83d\ude42<\/p>\n<p>Nu \u00e4r det, passligt nog, slut p\u00e5 Karjalan i burken&#8230;<\/p>\n<p>Nu kallar Kommissare Wallander p\u00e5 min uppm\u00e4rksamhet och d\u00e4refter \u00e4r det dags att leta mig i s\u00e4ng. Godnatt, Sov Gott,<br \/>\n\u00c4nglakramar!!<\/p>\n","protected":false},"excerpt":{"rendered":"<p>Egentligen har jag inte gjort s\u00e5 mycket idag, men det g\u00f6r ingenting. En sk\u00f6nt slapp dag. Tidvis med mindre bra v\u00e4der. Tryckande &#8211; ett \u00e5skv\u00e4der p\u00e5 g\u00e5ng? Men det gav i sin tur att det perfekta tillf\u00e4llet att sitta med &hellip; <a href=\"https:\/\/blog.skruttet.com\/?p=3616\">Forts\u00e4tt l\u00e4sa <span class=\"meta-nav\">&rarr;<\/span><\/a><\/p>\n","protected":false},"author":1,"featured_media":0,"comment_status":"open","ping_status":"closed","sticky":false,"template":"","format":"standard","meta":[],"categories":[16],"tags":[],"_links":{"self":[{"href":"https:\/\/blog.skruttet.com\/index.php?rest_route=\/wp\/v2\/posts\/3616"}],"collection":[{"href":"https:\/\/blog.skruttet.com\/index.php?rest_route=\/wp\/v2\/posts"}],"about":[{"href":"https:\/\/blog.skruttet.com\/index.php?rest_route=\/wp\/v2\/types\/post"}],"author":[{"embeddable":true,"href":"https:\/\/blog.skruttet.com\/index.php?rest_route=\/wp\/v2\/users\/1"}],"replies":[{"embeddable":true,"href":"https:\/\/blog.skruttet.com\/index.php?rest_route=%2Fwp%2Fv2%2Fcomments&post=3616"}],"version-history":[{"count":0,"href":"https:\/\/blog.skruttet.com\/index.php?rest_route=\/wp\/v2\/posts\/3616\/revisions"}],"wp:attachment":[{"href":"https:\/\/blog.skruttet.com\/index.php?rest_route=%2Fwp%2Fv2%2Fmedia&parent=3616"}],"wp:term":[{"taxonomy":"category","embeddable":true,"href":"https:\/\/blog.skruttet.com\/index.php?rest_route=%2Fwp%2Fv2%2Fcategories&post=3616"},{"taxonomy":"post_tag","embeddable":true,"href":"https:\/\/blog.skruttet.com\/index.php?rest_route=%2Fwp%2Fv2%2Ftags&post=3616"}],"curies":[{"name":"wp","href":"https:\/\/api.w.org\/{rel}","templated":true}]}}