{"id":3728,"date":"2012-07-27T21:00:28","date_gmt":"2012-07-27T18:00:28","guid":{"rendered":"http:\/\/bloggen.fi\/skruttet\/?p=3728"},"modified":"2012-07-27T21:00:28","modified_gmt":"2012-07-27T18:00:28","slug":"kanske-det-blir-fart-pa-karringen","status":"publish","type":"post","link":"https:\/\/blog.skruttet.com\/?p=3728","title":{"rendered":"Kanske det blir fart p\u00e5 k\u00e4rringen??"},"content":{"rendered":"<p>Fredag, mina v\u00e4nner det \u00e4r Fredag!!<a href=\"http:\/\/www.skruttet.com\/blog\/wp-content\/uploads\/2012\/07\/ba-speed03_illo_SFCG1285900043.jpg\"><img loading=\"lazy\" class=\"alignright size-medium wp-image-3729\" src=\"http:\/\/www.skruttet.com\/blog\/wp-content\/uploads\/2012\/07\/ba-speed03_illo_SFCG1285900043-300x232.jpg\" alt=\"\" width=\"300\" height=\"232\" srcset=\"https:\/\/blog.skruttet.com\/wp-content\/uploads\/2012\/07\/ba-speed03_illo_SFCG1285900043-300x232.jpg 300w, https:\/\/blog.skruttet.com\/wp-content\/uploads\/2012\/07\/ba-speed03_illo_SFCG1285900043-386x300.jpg 386w, https:\/\/blog.skruttet.com\/wp-content\/uploads\/2012\/07\/ba-speed03_illo_SFCG1285900043.jpg 625w\" sizes=\"(max-width: 300px) 100vw, 300px\" \/><\/a><br \/>\nSom jag har l\u00e4ngtat.<br \/>\nSk\u00f6nt \u00f6m i musklerna sitter jag efter dagens tr\u00e4ningspass.\u00a0Crosstrainern fick sig en omg\u00e5ng (eller kanske det var den som gav mina ben en omg\u00e5ng) och jag trampade f\u00f6r brinnk\u00e4ra livet. Benen t\u00f6jdes och balansen tr\u00e4nades&#8230;<\/p>\n<p>Dagsformen tycktes \u00e4ven i dag vara riktigt god! Nu ser vi en ljusning. Inte en dag f\u00f6r tidigt om ni fr\u00e5gar mig. Vi n\u00e5r inom en snar framtid 9 m\u00e5nader (!?!) av\u00a0konvalescens och f\u00f6r tillf\u00e4llet k\u00e4nner jag en otrolig gl\u00e4dje \u00f6ver att jag tycks f\u00e5 n\u00e5gra veckor av n\u00e5got s\u00e5 n\u00e4r bra r\u00f6relsef\u00f6rm\u00e5ga innan det \u00e4r dags att ligga p\u00e5 bordet igen. \u00a0Kanske det blir fart p\u00e5 k\u00e4rringen snart \u00e4nd\u00e5.\u00a0N\u00e5gon tycks ha h\u00f6rt mina tysta b\u00f6ner! \ud83d\ude42<\/p>\n<p>Tack!<\/p>\n<p>Efter tr\u00e4ningen var det dags f\u00f6r kvalitetstid i stora m\u00e5tt tillsammans med en rar \u00e4ngel! Vi nj\u00f6t i all enkelhet av kaffe och fruktsallad i solskenet p\u00e5 verandan. H\u00e4rligt! \ud83d\ude00<\/p>\n<p>Om jag lyckas h\u00e5lla mig vaken s\u00e5 ska jag nog se p\u00e5 invigningen av OS i London i kv\u00e4ll. Den ceremonin brukar vara fin. \u00c4r nog inte den som f\u00f6ljer OS slaviskt, men n\u00e5gra genar kommer nog att ses. D\u00e4ribland simning.<\/p>\n<p>Hur \u00e4r det med dig; f\u00f6ljer du OS?<br \/>\nVilka grenar ser du g\u00e4rna??<\/p>\n<p>Ha en bra forts\u00e4ttning p\u00e5 kv\u00e4llen,<br \/>\n\u00c4nglakramar!!<\/p>\n","protected":false},"excerpt":{"rendered":"<p>Fredag, mina v\u00e4nner det \u00e4r Fredag!! Som jag har l\u00e4ngtat. Sk\u00f6nt \u00f6m i musklerna sitter jag efter dagens tr\u00e4ningspass.\u00a0Crosstrainern fick sig en omg\u00e5ng (eller kanske det var den som gav mina ben en omg\u00e5ng) och jag trampade f\u00f6r brinnk\u00e4ra livet. &hellip; <a href=\"https:\/\/blog.skruttet.com\/?p=3728\">Forts\u00e4tt l\u00e4sa <span class=\"meta-nav\">&rarr;<\/span><\/a><\/p>\n","protected":false},"author":1,"featured_media":0,"comment_status":"open","ping_status":"closed","sticky":false,"template":"","format":"standard","meta":[],"categories":[7,10,13,16],"tags":[],"_links":{"self":[{"href":"https:\/\/blog.skruttet.com\/index.php?rest_route=\/wp\/v2\/posts\/3728"}],"collection":[{"href":"https:\/\/blog.skruttet.com\/index.php?rest_route=\/wp\/v2\/posts"}],"about":[{"href":"https:\/\/blog.skruttet.com\/index.php?rest_route=\/wp\/v2\/types\/post"}],"author":[{"embeddable":true,"href":"https:\/\/blog.skruttet.com\/index.php?rest_route=\/wp\/v2\/users\/1"}],"replies":[{"embeddable":true,"href":"https:\/\/blog.skruttet.com\/index.php?rest_route=%2Fwp%2Fv2%2Fcomments&post=3728"}],"version-history":[{"count":0,"href":"https:\/\/blog.skruttet.com\/index.php?rest_route=\/wp\/v2\/posts\/3728\/revisions"}],"wp:attachment":[{"href":"https:\/\/blog.skruttet.com\/index.php?rest_route=%2Fwp%2Fv2%2Fmedia&parent=3728"}],"wp:term":[{"taxonomy":"category","embeddable":true,"href":"https:\/\/blog.skruttet.com\/index.php?rest_route=%2Fwp%2Fv2%2Fcategories&post=3728"},{"taxonomy":"post_tag","embeddable":true,"href":"https:\/\/blog.skruttet.com\/index.php?rest_route=%2Fwp%2Fv2%2Ftags&post=3728"}],"curies":[{"name":"wp","href":"https:\/\/api.w.org\/{rel}","templated":true}]}}