{"id":3764,"date":"2012-08-02T11:42:22","date_gmt":"2012-08-02T08:42:22","guid":{"rendered":"http:\/\/bloggen.fi\/skruttet\/?p=3764"},"modified":"2012-08-02T11:42:22","modified_gmt":"2012-08-02T08:42:22","slug":"tankar-en-torsdagmorgon","status":"publish","type":"post","link":"https:\/\/blog.skruttet.com\/?p=3764","title":{"rendered":"Tankar en torsdagmorgon&#8230;"},"content":{"rendered":"<p>Det \u00e4r morgon. Dimman ligger \u00e4nnu t\u00e4t \u00f6ver fj\u00e4rden.<a href=\"http:\/\/www.skruttet.com\/blog\/wp-content\/uploads\/2012\/08\/ballong_1177535839_12766111.gif\"><img loading=\"lazy\" class=\"alignright size-full wp-image-3767\" src=\"http:\/\/www.skruttet.com\/blog\/wp-content\/uploads\/2012\/08\/ballong_1177535839_12766111.gif\" alt=\"\" width=\"300\" height=\"424\" srcset=\"https:\/\/blog.skruttet.com\/wp-content\/uploads\/2012\/08\/ballong_1177535839_12766111.gif 300w, https:\/\/blog.skruttet.com\/wp-content\/uploads\/2012\/08\/ballong_1177535839_12766111-212x300.gif 212w\" sizes=\"(max-width: 300px) 100vw, 300px\" \/><\/a><br \/>\nJag \u00f6ppnar ett f\u00f6nster och k\u00e4nner den friska, men n\u00e5got kyliga luften, sl\u00e5 emot mig.<br \/>\nUtanf\u00f6r \u00e4r det s\u00e5 lugnt. P\u00e5 avst\u00e5nd h\u00f6rs morgontrafiken.<\/p>\n<p><strong>D\u00e4r ute<\/strong> rullar v\u00e4rlden p\u00e5. Folk \u00e5ker till jobbet. Precis som vanligt. H\u00e4r sitter jag, med arslet i \u00e5ket p\u00e5 hjul och vill inget annat \u00e4n att slippa vara d\u00e4r jag \u00e4r, eller r\u00e4ttare sagt i det skede jag befinner mig just nu.<br \/>\nJag skulle ge vad som helst f\u00f6r lite sk\u00f6n &#8221;vanlighet&#8221;!<\/p>\n<p><strong>Var \u00e4r jag??<\/strong> Har n\u00e5gon spolat tillbaks mitt liv eller har v\u00e4rlden stannat? Mycket \u00e4r bekant! Det k\u00e4nns som jag tappar tid. Ge mig tid!! Tid att njuta!<\/p>\n<p><strong>F\u00f6r tillf\u00e4llet<\/strong> lever jag \u00a0i en bubbla. En bubbla med oerh\u00f6rt fokus p\u00e5 att ha tillr\u00e4ckligt med kraft. Min bubbla kan liknas en ballong &#8211; d\u00e4r luften sakta pyser ut. Jag k\u00e4nner mig s\u00e5 tom p\u00e5 luft! Lyckligtvis finns det underbara \u00c4nglar som pumpar ny luft i ballongen. Som k\u00e4mpar med mig. Som f\u00e5r mig att h\u00e5lla i hop och f\u00f6rgyller mitt ballongliv. Som ger mig kraft att orka st\u00e5 \u00e4ven n\u00e4r marken gungar under mina f\u00f6tter.<\/p>\n<p><strong>Under dessa<\/strong> m\u00e5nader det \u00e4ven funnits ansikten som sl\u00e4ppt ut luften ur min ballong. Som f\u00e5tt mig att tappa andan. Det har visat sig bero p\u00e5 avsaknad av helhetsperspektiv och okunskap. Och om den \u00e4kta viljan har visat sig har jag mer \u00e4n g\u00e4rna diskuterat. Ovilja har jag struntat i. Det har gett mig tillf\u00e4lle att b\u00e5de l\u00e4ra och l\u00e4ras.\u00a0Merparten av ansiktena representerar lyckligtvis det f\u00f6rstn\u00e4mnda slaget. \ud83d\ude42<\/p>\n<p><strong>Jag har<\/strong> skjutit upp olika m\u00e5sten en tid nu. M\u00e5sten som p\u00e5minner om kommande operation. Nu g\u00e5r det inte att skjuta p\u00e5 dessa m\u00e5sten l\u00e4ngre. \u00a0Samtal m\u00e5ste ringas och grejer m\u00e5ste h\u00e4mtas. F\u00f6r inkommande vecka \u00e4r det \u00e5ter dags att packa bilen f\u00f6r en l\u00e4ngre tids vistelse i mitt ursprung. H\u00e4rligt &#8211; och s\u00e5 beh\u00f6vligt!!<\/p>\n<p>Tillvaron \u00e4r anstr\u00e4ngd. Men vi h\u00e5ller ihop. Vi surar ibland. Gr\u00e5ter g\u00f6r vi likas\u00e5.<br \/>\nMen vi l\u00e4mnar aldrig k\u00e4nslor osagda. Vi &#8221;v\u00e5gar&#8221; prata! (Thank God for that!) Ut med alla k\u00e4nslor bara!! K\u00e4rleken mellan oss g\u00e5r inte att ta miste p\u00e5. Den blir bara starkare och starkare!<\/p>\n<p style=\"text-align: center\"><a href=\"http:\/\/www.youtube.com\/watch?v=qQ-15YIvH5Y\">Keith Urban &#8211; Making Memories Of Us<\/a><\/p>\n","protected":false},"excerpt":{"rendered":"<p>Det \u00e4r morgon. Dimman ligger \u00e4nnu t\u00e4t \u00f6ver fj\u00e4rden. Jag \u00f6ppnar ett f\u00f6nster och k\u00e4nner den friska, men n\u00e5got kyliga luften, sl\u00e5 emot mig. Utanf\u00f6r \u00e4r det s\u00e5 lugnt. P\u00e5 avst\u00e5nd h\u00f6rs morgontrafiken. D\u00e4r ute rullar v\u00e4rlden p\u00e5. Folk \u00e5ker &hellip; <a href=\"https:\/\/blog.skruttet.com\/?p=3764\">Forts\u00e4tt l\u00e4sa <span class=\"meta-nav\">&rarr;<\/span><\/a><\/p>\n","protected":false},"author":1,"featured_media":0,"comment_status":"open","ping_status":"closed","sticky":false,"template":"","format":"standard","meta":[],"categories":[7,14,15],"tags":[],"_links":{"self":[{"href":"https:\/\/blog.skruttet.com\/index.php?rest_route=\/wp\/v2\/posts\/3764"}],"collection":[{"href":"https:\/\/blog.skruttet.com\/index.php?rest_route=\/wp\/v2\/posts"}],"about":[{"href":"https:\/\/blog.skruttet.com\/index.php?rest_route=\/wp\/v2\/types\/post"}],"author":[{"embeddable":true,"href":"https:\/\/blog.skruttet.com\/index.php?rest_route=\/wp\/v2\/users\/1"}],"replies":[{"embeddable":true,"href":"https:\/\/blog.skruttet.com\/index.php?rest_route=%2Fwp%2Fv2%2Fcomments&post=3764"}],"version-history":[{"count":0,"href":"https:\/\/blog.skruttet.com\/index.php?rest_route=\/wp\/v2\/posts\/3764\/revisions"}],"wp:attachment":[{"href":"https:\/\/blog.skruttet.com\/index.php?rest_route=%2Fwp%2Fv2%2Fmedia&parent=3764"}],"wp:term":[{"taxonomy":"category","embeddable":true,"href":"https:\/\/blog.skruttet.com\/index.php?rest_route=%2Fwp%2Fv2%2Fcategories&post=3764"},{"taxonomy":"post_tag","embeddable":true,"href":"https:\/\/blog.skruttet.com\/index.php?rest_route=%2Fwp%2Fv2%2Ftags&post=3764"}],"curies":[{"name":"wp","href":"https:\/\/api.w.org\/{rel}","templated":true}]}}