{"id":3780,"date":"2012-08-04T22:26:24","date_gmt":"2012-08-04T19:26:24","guid":{"rendered":"http:\/\/bloggen.fi\/skruttet\/?p=3780"},"modified":"2012-08-04T22:26:24","modified_gmt":"2012-08-04T19:26:24","slug":"jag-ler-at-minnet","status":"publish","type":"post","link":"https:\/\/blog.skruttet.com\/?p=3780","title":{"rendered":"Jag ler \u00e5t minnet&#8230;."},"content":{"rendered":"<p>En lugn kv\u00e4ll med me, myself and I har jag i kv\u00e4ll.\u00a0<a href=\"http:\/\/www.skruttet.com\/blog\/wp-content\/uploads\/2012\/08\/Winner.jpeg\"><img loading=\"lazy\" class=\"alignright size-medium wp-image-3781\" src=\"http:\/\/www.skruttet.com\/blog\/wp-content\/uploads\/2012\/08\/Winner-300x283.jpg\" alt=\"\" width=\"300\" height=\"283\" \/><\/a><br \/>\nJag lyxade till det med lite spa h\u00e4r hemma och ett extra l\u00e5ngt bastubad.<br \/>\nS\u00e5 sk\u00f6nt!<\/p>\n<p>Jag har dessutom \u00f6vertr\u00e4ffat mig sj\u00e4lv genom att klara att ta mig fram l\u00e4ngs med v\u00e4gg och m\u00f6bler en kort bit. Allts\u00e5 helt utan mina v\u00e4nner kryckorna. \u00a0N\u00e4r man minst anar det s\u00e5 sker det!<\/p>\n<p>Fort gick det inte och inte heller vidare smidigt, men det GICK!! Och fortfarande ler jag \u00e5t tillf\u00e4llet d\u00e5 jag mindes ett av mina f\u00f6rsta delm\u00e5l: Att st\u00e5 och laga kaffe. Och jag mindes hur lycklig jag var \u00f6ver de 3 &#8211; 4 f\u00f6rsta stegen efter operationen. Halleluja, det funkade att g\u00e5 och jag kunde\/kan vifta p\u00e5 t\u00e5rna!<\/p>\n<p>I dag ett antal m\u00e5nader senare kan jag utan problem (p\u00e5 ena sidan) g\u00e5 upp f\u00f6r trappor, jag kan sl\u00e4ppa ena kryckan och h\u00e5lla balansen. Dessutom f\u00e5r jag p\u00e5 min mina egna skor och g\u00e5r utan st\u00f6rre problem 300 meter utan att vila&#8230;<\/p>\n<p>Och vad g\u00f6r jag i st\u00e4llet f\u00f6r att minnas att klappa mig sj\u00e4lv p\u00e5 axeln?? Jo.. Jag suckar och st\u00f6nar \u00f6ver att det inte g\u00e5r FORT nog!! \ud83d\ude00<br \/>\nDet \u00e4r bra att backa bandet ibland &#8211; Att minnas att gl\u00e4djas \u00e5t det lilla.<\/p>\n<p>S\u00e5 nu ska jag bel\u00f6na mig sj\u00e4lv!!\u00a0Kaffekokaren \u00e4r laddad och en liten sk\u00e5l med fruktsallad ska lagas. Soffan n\u00e4sta!!<\/p>\n<p>Ha en sk\u00f6n l\u00f6rdagkv\u00e4ll,<br \/>\n\u00c4nglakramar!!<\/p>\n","protected":false},"excerpt":{"rendered":"<p>En lugn kv\u00e4ll med me, myself and I har jag i kv\u00e4ll.\u00a0 Jag lyxade till det med lite spa h\u00e4r hemma och ett extra l\u00e5ngt bastubad. S\u00e5 sk\u00f6nt! Jag har dessutom \u00f6vertr\u00e4ffat mig sj\u00e4lv genom att klara att ta mig &hellip; <a href=\"https:\/\/blog.skruttet.com\/?p=3780\">Forts\u00e4tt l\u00e4sa <span class=\"meta-nav\">&rarr;<\/span><\/a><\/p>\n","protected":false},"author":1,"featured_media":0,"comment_status":"open","ping_status":"closed","sticky":false,"template":"","format":"standard","meta":[],"categories":[10,13,16],"tags":[],"_links":{"self":[{"href":"https:\/\/blog.skruttet.com\/index.php?rest_route=\/wp\/v2\/posts\/3780"}],"collection":[{"href":"https:\/\/blog.skruttet.com\/index.php?rest_route=\/wp\/v2\/posts"}],"about":[{"href":"https:\/\/blog.skruttet.com\/index.php?rest_route=\/wp\/v2\/types\/post"}],"author":[{"embeddable":true,"href":"https:\/\/blog.skruttet.com\/index.php?rest_route=\/wp\/v2\/users\/1"}],"replies":[{"embeddable":true,"href":"https:\/\/blog.skruttet.com\/index.php?rest_route=%2Fwp%2Fv2%2Fcomments&post=3780"}],"version-history":[{"count":0,"href":"https:\/\/blog.skruttet.com\/index.php?rest_route=\/wp\/v2\/posts\/3780\/revisions"}],"wp:attachment":[{"href":"https:\/\/blog.skruttet.com\/index.php?rest_route=%2Fwp%2Fv2%2Fmedia&parent=3780"}],"wp:term":[{"taxonomy":"category","embeddable":true,"href":"https:\/\/blog.skruttet.com\/index.php?rest_route=%2Fwp%2Fv2%2Fcategories&post=3780"},{"taxonomy":"post_tag","embeddable":true,"href":"https:\/\/blog.skruttet.com\/index.php?rest_route=%2Fwp%2Fv2%2Ftags&post=3780"}],"curies":[{"name":"wp","href":"https:\/\/api.w.org\/{rel}","templated":true}]}}