{"id":3794,"date":"2012-08-09T23:55:30","date_gmt":"2012-08-09T20:55:30","guid":{"rendered":"http:\/\/bloggen.fi\/skruttet\/?p=3794"},"modified":"2012-08-09T23:55:30","modified_gmt":"2012-08-09T20:55:30","slug":"framat-med-med-mal-i-sikte","status":"publish","type":"post","link":"https:\/\/blog.skruttet.com\/?p=3794","title":{"rendered":"Fram\u00e5t med med m\u00e5l i sikte!!"},"content":{"rendered":"<p>Njuter f\u00f6r fullt av stugliv och m\u00e5r riktigt gott.<br \/>\nV\u00e5rt projekt h\u00e4r i \u00c4nglaparadiset har framskridit och doften av m\u00e5lf\u00e4rg h\u00e4nger i luften \ud83d\ude42<\/p>\n<p>Men vi har \u00e4ven hunnit med fina stunder av kvalitetstid vid kaffebordet. Jag k\u00e4nner hur mitt inre tankas av positiv energi och g\u00f6r sig redo f\u00f6r det som komma ska.<\/p>\n<p>I dag har exakt 9 m\u00e5nader f\u00f6rflutit\u00a0sedan den f\u00f6rra fotoperationen. Ironisk nog s\u00e5 &#8221;firas&#8221; detta med att bli medveten om att tiden f\u00f6r kommande operation har blivit fastst\u00e4lld.<\/p>\n<p>D.v.s.\u00a0den skriftliga kallelsen till operation har kommit nu. Den 6.9 blir den av och jag tackar f\u00f6r att jag kommande jul har kommit s\u00e5 l\u00e5ngt s\u00e5 att jag har n\u00f6jet att vara fri fr\u00e5n gips.<\/p>\n<p>Det gl\u00e4der mig och tankarna har kretsat kring &#8221;vad \u00e4r f\u00f6tternas status om ett \u00e5r tro??&#8221; \u00a0K\u00e4nns bra att kunna se fram\u00e5t mot m\u00e5let.<br \/>\nDet \u00e4r motiverande!<\/p>\n<p>Men f\u00f6r tillf\u00e4llet fokuserar jag p\u00e5 att ta vara p\u00e5 stunden som den \u00e4r. Med en blandning av s\u00e5 v\u00e4l \u00a0tr\u00e4ning, projektpyssel och g\u00e5ng i kuperad terr\u00e4ng som vila i form av lata stunder i solstolen \ud83d\ude42<\/p>\n<p>S\u00e5 sk\u00f6nt!!<\/p>\n","protected":false},"excerpt":{"rendered":"<p>Njuter f\u00f6r fullt av stugliv och m\u00e5r riktigt gott. V\u00e5rt projekt h\u00e4r i \u00c4nglaparadiset har framskridit och doften av m\u00e5lf\u00e4rg h\u00e4nger i luften \ud83d\ude42 Men vi har \u00e4ven hunnit med fina stunder av kvalitetstid vid kaffebordet. Jag k\u00e4nner hur mitt &hellip; <a href=\"https:\/\/blog.skruttet.com\/?p=3794\">Forts\u00e4tt l\u00e4sa <span class=\"meta-nav\">&rarr;<\/span><\/a><\/p>\n","protected":false},"author":1,"featured_media":0,"comment_status":"open","ping_status":"closed","sticky":false,"template":"","format":"standard","meta":[],"categories":[7,10,13,16],"tags":[],"_links":{"self":[{"href":"https:\/\/blog.skruttet.com\/index.php?rest_route=\/wp\/v2\/posts\/3794"}],"collection":[{"href":"https:\/\/blog.skruttet.com\/index.php?rest_route=\/wp\/v2\/posts"}],"about":[{"href":"https:\/\/blog.skruttet.com\/index.php?rest_route=\/wp\/v2\/types\/post"}],"author":[{"embeddable":true,"href":"https:\/\/blog.skruttet.com\/index.php?rest_route=\/wp\/v2\/users\/1"}],"replies":[{"embeddable":true,"href":"https:\/\/blog.skruttet.com\/index.php?rest_route=%2Fwp%2Fv2%2Fcomments&post=3794"}],"version-history":[{"count":0,"href":"https:\/\/blog.skruttet.com\/index.php?rest_route=\/wp\/v2\/posts\/3794\/revisions"}],"wp:attachment":[{"href":"https:\/\/blog.skruttet.com\/index.php?rest_route=%2Fwp%2Fv2%2Fmedia&parent=3794"}],"wp:term":[{"taxonomy":"category","embeddable":true,"href":"https:\/\/blog.skruttet.com\/index.php?rest_route=%2Fwp%2Fv2%2Fcategories&post=3794"},{"taxonomy":"post_tag","embeddable":true,"href":"https:\/\/blog.skruttet.com\/index.php?rest_route=%2Fwp%2Fv2%2Ftags&post=3794"}],"curies":[{"name":"wp","href":"https:\/\/api.w.org\/{rel}","templated":true}]}}