{"id":3819,"date":"2012-08-22T13:18:21","date_gmt":"2012-08-22T10:18:21","guid":{"rendered":"http:\/\/bloggen.fi\/skruttet\/?p=3819"},"modified":"2012-08-22T13:18:21","modified_gmt":"2012-08-22T10:18:21","slug":"hjarnan-fattar-vinken","status":"publish","type":"post","link":"https:\/\/blog.skruttet.com\/?p=3819","title":{"rendered":"Hj\u00e4rnan fattar vinken&#8230;."},"content":{"rendered":"<p>En ny dag har b\u00f6rjat.<\/p>\n<p>Varm i sj\u00e4len \u00e4r jag efter g\u00e5rdagens fina kv\u00e4ll, det \u00e4r l\u00e4ngesen jag skrattat s\u00e5 mycket och s\u00e5 gott! Berget med disken som blev ligger i bl\u00f6t och v\u00e4ntar p\u00e5 att minska.<br \/>\nMen jag ska bara&#8230;. f\u00f6rst \ud83d\ude09\u00a0<a href=\"http:\/\/www.skruttet.com\/blog\/wp-content\/uploads\/2012\/08\/s_hjarna_inre.gif\"><img loading=\"lazy\" class=\"alignright size-medium wp-image-3820\" src=\"http:\/\/www.skruttet.com\/blog\/wp-content\/uploads\/2012\/08\/s_hjarna_inre-300x204.gif\" alt=\"\" width=\"300\" height=\"204\" srcset=\"https:\/\/blog.skruttet.com\/wp-content\/uploads\/2012\/08\/s_hjarna_inre-300x204.gif 300w, https:\/\/blog.skruttet.com\/wp-content\/uploads\/2012\/08\/s_hjarna_inre-440x300.gif 440w, https:\/\/blog.skruttet.com\/wp-content\/uploads\/2012\/08\/s_hjarna_inre.gif 550w\" sizes=\"(max-width: 300px) 100vw, 300px\" \/><\/a><\/p>\n<p>Fot nr 2 skriker efter vila efter g\u00e5rdagens tr\u00e4ning medan \u00c4nglaproffessorernas finhet skulle klara av bra mycket mer. Det vekar som hj\u00e4rnan b\u00f6rjar fatta vinken nu!<\/p>\n<p>T\u00e4nk att en felst\u00e4lld fot kan p\u00e5verka en hel kropp! Under g\u00e5rdagens tr\u00e4ningspass studerades min g\u00e5ng. S\u00e5 rak, fin och fungerande har finheten blivit. \ud83d\ude00<\/p>\n<p>K\u00e4nner s\u00e5n enorm tacksamhet till alla \u00c4nglar som f\u00f6r tillf\u00e4llet f\u00f6rbereder sig f\u00f6r min skull!\u00a0F\u00f6r att laga och skapa finhet nr 2. Jag kommer att m\u00f6ta \u00c4nglaproffessorerna f\u00f6re det \u00e4r dags att somna. Och n\u00e4r jag m\u00f6ter dem s\u00e5 vet jag att jag kommer att gr\u00e5ta.<\/p>\n<p>Gr\u00e5ta t\u00e5rar av gl\u00e4dje \u00f6ver allt de nya jag f\u00e5tt!<br \/>\nImorgon \u00e4r det 2 veckor kvar. Nu l\u00e4ngtar jag n\u00e4stan!<br \/>\nMen tills dess f\u00e5r asken med v\u00e4rktabletter h\u00e5lla mig s\u00e4llskap.<\/p>\n<p>\u00c4nglakramar!<\/p>\n","protected":false},"excerpt":{"rendered":"<p>En ny dag har b\u00f6rjat. Varm i sj\u00e4len \u00e4r jag efter g\u00e5rdagens fina kv\u00e4ll, det \u00e4r l\u00e4ngesen jag skrattat s\u00e5 mycket och s\u00e5 gott! Berget med disken som blev ligger i bl\u00f6t och v\u00e4ntar p\u00e5 att minska. Men jag ska &hellip; <a href=\"https:\/\/blog.skruttet.com\/?p=3819\">Forts\u00e4tt l\u00e4sa <span class=\"meta-nav\">&rarr;<\/span><\/a><\/p>\n","protected":false},"author":1,"featured_media":0,"comment_status":"open","ping_status":"closed","sticky":false,"template":"","format":"standard","meta":[],"categories":[7,10,16],"tags":[],"_links":{"self":[{"href":"https:\/\/blog.skruttet.com\/index.php?rest_route=\/wp\/v2\/posts\/3819"}],"collection":[{"href":"https:\/\/blog.skruttet.com\/index.php?rest_route=\/wp\/v2\/posts"}],"about":[{"href":"https:\/\/blog.skruttet.com\/index.php?rest_route=\/wp\/v2\/types\/post"}],"author":[{"embeddable":true,"href":"https:\/\/blog.skruttet.com\/index.php?rest_route=\/wp\/v2\/users\/1"}],"replies":[{"embeddable":true,"href":"https:\/\/blog.skruttet.com\/index.php?rest_route=%2Fwp%2Fv2%2Fcomments&post=3819"}],"version-history":[{"count":0,"href":"https:\/\/blog.skruttet.com\/index.php?rest_route=\/wp\/v2\/posts\/3819\/revisions"}],"wp:attachment":[{"href":"https:\/\/blog.skruttet.com\/index.php?rest_route=%2Fwp%2Fv2%2Fmedia&parent=3819"}],"wp:term":[{"taxonomy":"category","embeddable":true,"href":"https:\/\/blog.skruttet.com\/index.php?rest_route=%2Fwp%2Fv2%2Fcategories&post=3819"},{"taxonomy":"post_tag","embeddable":true,"href":"https:\/\/blog.skruttet.com\/index.php?rest_route=%2Fwp%2Fv2%2Ftags&post=3819"}],"curies":[{"name":"wp","href":"https:\/\/api.w.org\/{rel}","templated":true}]}}