{"id":382,"date":"2007-09-04T15:52:19","date_gmt":"2007-09-04T13:52:19","guid":{"rendered":"http:\/\/muren-har-rasat"},"modified":"2007-09-04T15:52:19","modified_gmt":"2007-09-04T13:52:19","slug":"muren-har-rasat","status":"publish","type":"post","link":"https:\/\/blog.skruttet.com\/?p=382","title":{"rendered":"Muren har rasat&#8230;&#8230;"},"content":{"rendered":"<p><a href=\"http:\/\/bilder.bloggen.fi\/skruttet\/romantik04.gif\"><img src=\"http:\/\/bilder.bloggen.fi\/skruttet\/thumb_romantik04.gif\" align=\"right\" border=\"0\"><\/a><\/p>\n<div>Nu k\u00e4nner jag att jag vill skriva&#8230;. skriva och skriva&#8230;.. Fast jag inte vet om vad! Men mitt hj\u00e4rta \u00e4r \u00f6ppet&#8230;.. Jag skriver rakt ur det&#8230;. L\u00e5ter det tala sitt spr\u00e5k! <\/div>\n<div>&nbsp;<\/div>\n<div>Pl\u00f6tsligt b\u00f6rjar t\u00e5rarna rinna ner f\u00f6r mina kinder, jag k\u00e4nner mig s\u00e5 s\u00e5rbar&#8230; S\u00e5 mycket k\u00e4nslor finns i mitt inre&#8230;. En vilsen sj\u00e4l, som \u00e4nd\u00e5 k\u00e4nner sig trygg i det som komma skall. Trygg i min egen ensamhet, men som jag skrev i ett tidigare inl\u00e4gg s\u00e5 beh\u00f6ver jag tid&#8230;. Tid att finna mig sj\u00e4lv! Jag m\u00e5ste l\u00e4ra mig att acceptera att jag m\u00e5ste ha hj\u00e4lp&#8230;. Fysiskt sett (pga mitt r\u00f6relsehinder) klarar jag mig inte riktigt s\u00e5 bra som jag skulle \u00f6nska!! Men&nbsp;alla beh\u00f6ver vi hj\u00e4lp och\/eller st\u00f6d n\u00e5gon g\u00e5ng&#8230;&nbsp;Och jag m\u00e5ste l\u00e4ra mig att ta emot den hj\u00e4lp som erbjuds&#8230; Men jag f\u00e5r ju inte heller hj\u00e4lp om jag inte BEG\u00c4R den!!<\/div>\n<div>&nbsp;<\/div>\n<div>I alla tider har jag velat klara mig sj\u00e4lv&#8230; Stark, stolt och envis som synden&#8230;. Muren har byggts upp under m\u00e5nga, m\u00e5nga \u00e5r&#8230;. En mur som m\u00e5nga g\u00e5nger har fungerat som ett skydd och f\u00f6rsvar i olika situationer&#8230;..<\/div>\n<div>De senare \u00e5ren (speciellt dock det senaste \u00e5ren) har varit fyllda med sm\u00e4rta och en k\u00e4nnbar kamp mot draken&#8230;.. Sakta men s\u00e4kert vittrade muren s\u00f6nder och nu k\u00e4nns det som ruiner \u00e4r det enda som finns kvar&#8230;. \u00c5 d\u00e4r, mitt i dessa ruinh\u00f6gar st\u00e5r jag sj\u00e4lv&#8230;.. Med rufsigt,&nbsp;l\u00e5ngt h\u00e5r&#8230; Ilskan som s\u00e5 l\u00e4nge funnits \u00e4r borta&#8230;..S\u00e5 s\u00e5rbar, s\u00e5 \u00f6ppen&#8230;. Blickandes ut\u00f6ver det som kallas framtiden&#8230;.. Sakta, sakta b\u00f6rjar jag kl\u00e4ttra. Jag beh\u00f6ver inte ha br\u00e5ttom!! Tid \u00e4r det enda har jag! <\/div>\n<div>&nbsp;<\/div>\n<div>Jag s\u00e4tter \u00e5ter min tilltro till \u00e4nglarna och att dom hj\u00e4lper mig och v\u00e4gleder mig n\u00e4r jag st\u00e5r d\u00e4r vilsen och tr\u00f6tt vid n\u00e5got v\u00e4gsk\u00e4l&#8230; S\u00e5 ser ni n\u00e5gon n\u00e5gon med l\u00e5ngt, rufsigt h\u00e5r, st\u00e5eende vid ett v\u00e4gsk\u00e4l och kliar sig i huvudet och ser vilsen ut&#8230;. Kan du d\u00e5 fr\u00e5ga om hon vill ha hj\u00e4lp?? Kan&nbsp;du d\u00e5 str\u00e4cka ut din varma hj\u00e4lpande \u00e4nglahand?? Det&nbsp;skulle hon uppskatta!!!&nbsp;<\/div>\n<div>&nbsp;<\/div>\n<div align=\"center\"><a title=\"Emil Sigfridsson - Innan m\u00f6rket faller\" href=\"http:\/\/www.youtube.com\/watch?v=HBdjvpWaD2E&amp;mode=related&amp;search=\">Emil Sigfridsson &#8211; Innan m\u00f6rket faller<\/a><\/div>\n<div>&nbsp;<\/div>\n<div>&nbsp;<\/div>\n","protected":false},"excerpt":{"rendered":"<p>Nu k\u00e4nner jag att jag vill skriva&#8230;. skriva och skriva&#8230;.. Fast jag inte vet om vad! Men mitt hj\u00e4rta \u00e4r \u00f6ppet&#8230;.. Jag skriver rakt ur det&#8230;. L\u00e5ter det tala sitt spr\u00e5k! &nbsp; Pl\u00f6tsligt b\u00f6rjar t\u00e5rarna rinna ner f\u00f6r mina kinder, &hellip; <a href=\"https:\/\/blog.skruttet.com\/?p=382\">Forts\u00e4tt l\u00e4sa <span class=\"meta-nav\">&rarr;<\/span><\/a><\/p>\n","protected":false},"author":1,"featured_media":0,"comment_status":"open","ping_status":"open","sticky":false,"template":"","format":"standard","meta":[],"categories":[14],"tags":[],"_links":{"self":[{"href":"https:\/\/blog.skruttet.com\/index.php?rest_route=\/wp\/v2\/posts\/382"}],"collection":[{"href":"https:\/\/blog.skruttet.com\/index.php?rest_route=\/wp\/v2\/posts"}],"about":[{"href":"https:\/\/blog.skruttet.com\/index.php?rest_route=\/wp\/v2\/types\/post"}],"author":[{"embeddable":true,"href":"https:\/\/blog.skruttet.com\/index.php?rest_route=\/wp\/v2\/users\/1"}],"replies":[{"embeddable":true,"href":"https:\/\/blog.skruttet.com\/index.php?rest_route=%2Fwp%2Fv2%2Fcomments&post=382"}],"version-history":[{"count":0,"href":"https:\/\/blog.skruttet.com\/index.php?rest_route=\/wp\/v2\/posts\/382\/revisions"}],"wp:attachment":[{"href":"https:\/\/blog.skruttet.com\/index.php?rest_route=%2Fwp%2Fv2%2Fmedia&parent=382"}],"wp:term":[{"taxonomy":"category","embeddable":true,"href":"https:\/\/blog.skruttet.com\/index.php?rest_route=%2Fwp%2Fv2%2Fcategories&post=382"},{"taxonomy":"post_tag","embeddable":true,"href":"https:\/\/blog.skruttet.com\/index.php?rest_route=%2Fwp%2Fv2%2Ftags&post=382"}],"curies":[{"name":"wp","href":"https:\/\/api.w.org\/{rel}","templated":true}]}}