{"id":3843,"date":"2012-08-28T17:31:25","date_gmt":"2012-08-28T14:31:25","guid":{"rendered":"http:\/\/bloggen.fi\/skruttet\/?p=3843"},"modified":"2012-08-28T17:31:25","modified_gmt":"2012-08-28T14:31:25","slug":"det-fina-samtalet","status":"publish","type":"post","link":"https:\/\/blog.skruttet.com\/?p=3843","title":{"rendered":"Det fina samtalet&#8230;."},"content":{"rendered":"<p>F\u00f6r n\u00e5gra dagar sedan avklarades det inbokade samtalet inf\u00f6r kommande ingrepp.<\/p>\n<p>N\u00e4stan olustigt vant svarade jag p\u00e5 n\u00e5gra kompleterande fr\u00e5gor och vi samtalade om tidigare erfarenheter. Om allt fr\u00e5n den pl\u00e5gsamma spasticiteten efter senaste operationen till min k\u00e4nslighet f\u00f6r mediciner.<\/p>\n<p>Det blev ett positivt samtal &#8211; den v\u00e5rdande \u00c4ngeln gav ber\u00f6m och tackade f\u00f6r v\u00e4l ifylld blankett. \u00a0Jag fick svar p\u00e5 mina fr\u00e5gor och till sist h\u00e4lsades jag v\u00e4lkommen till dem f\u00f6r operation.<\/p>\n<p>Den positiva k\u00e4nslan har stannat kvar i mitt inre \u00e4nda sedan dess och med klara och tydliga svar om vad som kommer att ske s\u00e5 k\u00e4nner jag verkligen att de team som kommer att f\u00f6lja mig s\u00e5 kommer att g\u00f6ra sitt yttersta f\u00f6r att jag ska m\u00e5 s\u00e5 v\u00e4l som m\u00f6jligt.<\/p>\n<p>Idag \u00e4r det bara 9 dagar kvar. M\u00e5 dagarna g\u00e5 fort f\u00f6r nu hj\u00e4lper inte v\u00e4rktabletterna n\u00e5got n\u00e4mnv\u00e4rt mer.<\/p>\n<p>Men jag andas in den positiva k\u00e4nslan! Den f\u00e5r mig att orka v\u00e4nta!<br \/>\nJag f\u00f6rbereder mig mentalt f\u00f6r att orka och lyssnar p\u00e5 kroppens signaler som s\u00e4ger:<br \/>\nDet h\u00e4r kommer att g\u00e5 bra &#8211; s\u00e5 bra!<\/p>\n<p>\u00c4nglakramar!!<\/p>\n","protected":false},"excerpt":{"rendered":"<p>F\u00f6r n\u00e5gra dagar sedan avklarades det inbokade samtalet inf\u00f6r kommande ingrepp. N\u00e4stan olustigt vant svarade jag p\u00e5 n\u00e5gra kompleterande fr\u00e5gor och vi samtalade om tidigare erfarenheter. Om allt fr\u00e5n den pl\u00e5gsamma spasticiteten efter senaste operationen till min k\u00e4nslighet f\u00f6r mediciner. &hellip; <a href=\"https:\/\/blog.skruttet.com\/?p=3843\">Forts\u00e4tt l\u00e4sa <span class=\"meta-nav\">&rarr;<\/span><\/a><\/p>\n","protected":false},"author":1,"featured_media":0,"comment_status":"open","ping_status":"closed","sticky":false,"template":"","format":"standard","meta":[],"categories":[7,10],"tags":[],"_links":{"self":[{"href":"https:\/\/blog.skruttet.com\/index.php?rest_route=\/wp\/v2\/posts\/3843"}],"collection":[{"href":"https:\/\/blog.skruttet.com\/index.php?rest_route=\/wp\/v2\/posts"}],"about":[{"href":"https:\/\/blog.skruttet.com\/index.php?rest_route=\/wp\/v2\/types\/post"}],"author":[{"embeddable":true,"href":"https:\/\/blog.skruttet.com\/index.php?rest_route=\/wp\/v2\/users\/1"}],"replies":[{"embeddable":true,"href":"https:\/\/blog.skruttet.com\/index.php?rest_route=%2Fwp%2Fv2%2Fcomments&post=3843"}],"version-history":[{"count":0,"href":"https:\/\/blog.skruttet.com\/index.php?rest_route=\/wp\/v2\/posts\/3843\/revisions"}],"wp:attachment":[{"href":"https:\/\/blog.skruttet.com\/index.php?rest_route=%2Fwp%2Fv2%2Fmedia&parent=3843"}],"wp:term":[{"taxonomy":"category","embeddable":true,"href":"https:\/\/blog.skruttet.com\/index.php?rest_route=%2Fwp%2Fv2%2Fcategories&post=3843"},{"taxonomy":"post_tag","embeddable":true,"href":"https:\/\/blog.skruttet.com\/index.php?rest_route=%2Fwp%2Fv2%2Ftags&post=3843"}],"curies":[{"name":"wp","href":"https:\/\/api.w.org\/{rel}","templated":true}]}}