{"id":3854,"date":"2012-09-03T16:58:17","date_gmt":"2012-09-03T13:58:17","guid":{"rendered":"http:\/\/bloggen.fi\/skruttet\/?p=3854"},"modified":"2012-09-03T16:58:17","modified_gmt":"2012-09-03T13:58:17","slug":"kvarnarna-mal-langsamt","status":"publish","type":"post","link":"https:\/\/blog.skruttet.com\/?p=3854","title":{"rendered":"Kvarnarna mal l\u00e5ngsamt&#8230;"},"content":{"rendered":"<p>Nu \u00e4r vi hemma igen!<a href=\"http:\/\/www.skruttet.com\/blog\/wp-content\/uploads\/2012\/09\/kvarn.png\"><img loading=\"lazy\" class=\"alignright size-medium wp-image-3855\" src=\"http:\/\/www.skruttet.com\/blog\/wp-content\/uploads\/2012\/09\/kvarn-300x300.png\" alt=\"\" width=\"300\" height=\"300\" srcset=\"https:\/\/blog.skruttet.com\/wp-content\/uploads\/2012\/09\/kvarn-300x300.png 300w, https:\/\/blog.skruttet.com\/wp-content\/uploads\/2012\/09\/kvarn-150x150.png 150w, https:\/\/blog.skruttet.com\/wp-content\/uploads\/2012\/09\/kvarn.png 800w\" sizes=\"(max-width: 300px) 100vw, 300px\" \/><\/a><br \/>\nTv\u00e4ttmaskinen surrar med en del av tv\u00e4ttberget som blivit under resans g\u00e5ng och \u00e4nnu finns mycket att packa upp.<\/p>\n<p>Men det f\u00e5r ta den tid det tar, med arslet placerat i l\u00e5ne\u00c5ket g\u00e5r allt l\u00e5ngsamt. Kroppen skriker efter vila och d\u00e5 f\u00e5r jag vackert lyssna och hoppas p\u00e5 att svullnaden p\u00e5 den kommande finheten l\u00e4gger sig.<\/p>\n<p>K\u00e4nner nervositeten komma krypande \u00f6ver det faktum att allt inte \u00e4r fixat med den hj\u00e4lp jag beh\u00f6ver efter operationen. Kvarnarna mal l\u00e5ngsamt. N\u00e5ja, \u00e4n hinns det!<br \/>\n\u00c4nnu \u00e5terst\u00e5r 2 hela vardagar innan det \u00e4r dags&#8230;<\/p>\n<p>P\u00e5 n\u00e5got s\u00e4tt k\u00e4nns oron befogad &#8211; men gode gud m\u00e5 det funka som det ska n\u00e4r det v\u00e4l beh\u00f6vs!! H\u00e5ll tummarna!!<\/p>\n<p>\u00c4nglakramar!!<\/p>\n","protected":false},"excerpt":{"rendered":"<p>Nu \u00e4r vi hemma igen! Tv\u00e4ttmaskinen surrar med en del av tv\u00e4ttberget som blivit under resans g\u00e5ng och \u00e4nnu finns mycket att packa upp. Men det f\u00e5r ta den tid det tar, med arslet placerat i l\u00e5ne\u00c5ket g\u00e5r allt l\u00e5ngsamt. &hellip; <a href=\"https:\/\/blog.skruttet.com\/?p=3854\">Forts\u00e4tt l\u00e4sa <span class=\"meta-nav\">&rarr;<\/span><\/a><\/p>\n","protected":false},"author":1,"featured_media":0,"comment_status":"open","ping_status":"closed","sticky":false,"template":"","format":"standard","meta":[],"categories":[7,16],"tags":[],"_links":{"self":[{"href":"https:\/\/blog.skruttet.com\/index.php?rest_route=\/wp\/v2\/posts\/3854"}],"collection":[{"href":"https:\/\/blog.skruttet.com\/index.php?rest_route=\/wp\/v2\/posts"}],"about":[{"href":"https:\/\/blog.skruttet.com\/index.php?rest_route=\/wp\/v2\/types\/post"}],"author":[{"embeddable":true,"href":"https:\/\/blog.skruttet.com\/index.php?rest_route=\/wp\/v2\/users\/1"}],"replies":[{"embeddable":true,"href":"https:\/\/blog.skruttet.com\/index.php?rest_route=%2Fwp%2Fv2%2Fcomments&post=3854"}],"version-history":[{"count":0,"href":"https:\/\/blog.skruttet.com\/index.php?rest_route=\/wp\/v2\/posts\/3854\/revisions"}],"wp:attachment":[{"href":"https:\/\/blog.skruttet.com\/index.php?rest_route=%2Fwp%2Fv2%2Fmedia&parent=3854"}],"wp:term":[{"taxonomy":"category","embeddable":true,"href":"https:\/\/blog.skruttet.com\/index.php?rest_route=%2Fwp%2Fv2%2Fcategories&post=3854"},{"taxonomy":"post_tag","embeddable":true,"href":"https:\/\/blog.skruttet.com\/index.php?rest_route=%2Fwp%2Fv2%2Ftags&post=3854"}],"curies":[{"name":"wp","href":"https:\/\/api.w.org\/{rel}","templated":true}]}}