{"id":3858,"date":"2012-09-04T22:35:59","date_gmt":"2012-09-04T19:35:59","guid":{"rendered":"http:\/\/bloggen.fi\/skruttet\/?p=3858"},"modified":"2012-09-04T22:35:59","modified_gmt":"2012-09-04T19:35:59","slug":"nog-ar-orden-bra-att-ha","status":"publish","type":"post","link":"https:\/\/blog.skruttet.com\/?p=3858","title":{"rendered":"Nog \u00e4r orden bra att ha!!"},"content":{"rendered":"<p>Tisdag.<a href=\"http:\/\/www.skruttet.com\/blog\/wp-content\/uploads\/2012\/09\/words.jpg\"><img loading=\"lazy\" class=\"alignright size-medium wp-image-3859\" src=\"http:\/\/www.skruttet.com\/blog\/wp-content\/uploads\/2012\/09\/words-300x149.jpg\" alt=\"\" width=\"300\" height=\"149\" srcset=\"https:\/\/blog.skruttet.com\/wp-content\/uploads\/2012\/09\/words-300x149.jpg 300w, https:\/\/blog.skruttet.com\/wp-content\/uploads\/2012\/09\/words.jpg 585w, https:\/\/blog.skruttet.com\/wp-content\/uploads\/2012\/09\/words-500x249.jpg 500w\" sizes=\"(max-width: 300px) 100vw, 300px\" \/><\/a><br \/>\nEn tisdag som har inneburit ett bes\u00f6k hos den behandlande \u00c4ngeln. S\u00e5 sk\u00f6nt var det att f\u00e5 tr\u00e4na och prata om olika s\u00e4tt att beh\u00e5lla motivationen att orka \u00e4ven n\u00e4r det k\u00e4nns motigt.<\/p>\n<p>F\u00f6r just nu k\u00e4nns det motigt. Jag vet att jag kommer att sakna de tr\u00e4ningsledda bes\u00f6ken under det uppeh\u00e5ll som nu s\u00e5 naturligt kommer. Kroppen kr\u00e4ver vila &#8211; lugn och ro f\u00f6r att \u00e5terh\u00e4mta sig och erfarenheten s\u00e4ger att det kommer att k\u00e4nnas sk\u00f6nt med vila en tid. Fingrarna stannar upp p\u00e5 tangentbordet och jag t\u00e4nker&#8230; Nu \u00e4r det inte l\u00e4nge kvar!<br \/>\nI \u00f6vermorgon \u00e4r det dags&#8230;<\/p>\n<p>Jag k\u00e4nner att jag \u00e4r r\u00e4dd f\u00f6r sm\u00e4rtan.<\/p>\n<p>Att man lovat g\u00f6ra det b\u00e4sta m\u00f6jliga f\u00f6r att jag ska m\u00e5 bra spelar inte s\u00e5 stor roll just nu &#8211; den f\u00f6rra operationen &#8211; med en sm\u00e4rtupplevelse fr\u00e5n helvetet sp\u00f6kar och ligger i allt f\u00f6r f\u00e4rskt minne. \u00c4ven om jag har en god kunskap om hur jag b\u00e4st hanterar det onda och trots sm\u00e4rtt\u00e5lighet s\u00e5 skr\u00e4mmer det.\u00a0Av den enkla anledningen att det \u00e4r en annan form av sm\u00e4rta \u00e4n jag \u00e4r van vid. D\u00e4rtill hade jag gl\u00f6mt eller kanske snarare f\u00f6rtr\u00e4ngt att min kropp reagerar med en h\u00f6gre muskelsp\u00e4nning efter operationer.<\/p>\n<p>Jag \u00a0har under de senaste dagarna bl\u00e4ddrat tillbaka i mina skriverier och l\u00e4st med &#8217;Vad l\u00e4r vi oss av detta?&#8217; tanken. N\u00e5got som har visat sig vara nyttigt! P\u00e5 basen av det jag skrivit delger jag vidare till v\u00e5rden. Det g\u00f6r det l\u00e4ttare f\u00f6r de underbara \u00c4nglaproffessorerna och andra v\u00e5rdande \u00c4nglar att hj\u00e4lpa mig.<\/p>\n<p>T\u00e4nk \u00e4nd\u00e5 &#8211; Nog \u00e4r leken med ord \u00e4r bra att ha. \ud83d\ude42<\/p>\n<p>\u00c4nglakramar!!<\/p>\n","protected":false},"excerpt":{"rendered":"<p>Tisdag. En tisdag som har inneburit ett bes\u00f6k hos den behandlande \u00c4ngeln. S\u00e5 sk\u00f6nt var det att f\u00e5 tr\u00e4na och prata om olika s\u00e4tt att beh\u00e5lla motivationen att orka \u00e4ven n\u00e4r det k\u00e4nns motigt. F\u00f6r just nu k\u00e4nns det motigt. &hellip; <a href=\"https:\/\/blog.skruttet.com\/?p=3858\">Forts\u00e4tt l\u00e4sa <span class=\"meta-nav\">&rarr;<\/span><\/a><\/p>\n","protected":false},"author":1,"featured_media":0,"comment_status":"open","ping_status":"closed","sticky":false,"template":"","format":"standard","meta":[],"categories":[7,10,14,16],"tags":[],"_links":{"self":[{"href":"https:\/\/blog.skruttet.com\/index.php?rest_route=\/wp\/v2\/posts\/3858"}],"collection":[{"href":"https:\/\/blog.skruttet.com\/index.php?rest_route=\/wp\/v2\/posts"}],"about":[{"href":"https:\/\/blog.skruttet.com\/index.php?rest_route=\/wp\/v2\/types\/post"}],"author":[{"embeddable":true,"href":"https:\/\/blog.skruttet.com\/index.php?rest_route=\/wp\/v2\/users\/1"}],"replies":[{"embeddable":true,"href":"https:\/\/blog.skruttet.com\/index.php?rest_route=%2Fwp%2Fv2%2Fcomments&post=3858"}],"version-history":[{"count":0,"href":"https:\/\/blog.skruttet.com\/index.php?rest_route=\/wp\/v2\/posts\/3858\/revisions"}],"wp:attachment":[{"href":"https:\/\/blog.skruttet.com\/index.php?rest_route=%2Fwp%2Fv2%2Fmedia&parent=3858"}],"wp:term":[{"taxonomy":"category","embeddable":true,"href":"https:\/\/blog.skruttet.com\/index.php?rest_route=%2Fwp%2Fv2%2Fcategories&post=3858"},{"taxonomy":"post_tag","embeddable":true,"href":"https:\/\/blog.skruttet.com\/index.php?rest_route=%2Fwp%2Fv2%2Ftags&post=3858"}],"curies":[{"name":"wp","href":"https:\/\/api.w.org\/{rel}","templated":true}]}}