{"id":390,"date":"2007-09-14T13:01:37","date_gmt":"2007-09-14T11:01:37","guid":{"rendered":"http:\/\/h"},"modified":"2007-09-14T13:01:37","modified_gmt":"2007-09-14T11:01:37","slug":"hag-mysfaktor","status":"publish","type":"post","link":"https:\/\/blog.skruttet.com\/?p=390","title":{"rendered":"H\u00f6g mysfaktor&#8230;&#8230;"},"content":{"rendered":"<p><a href=\"http:\/\/bilder.bloggen.fi\/skruttet\/angel-27.gif\"><img src=\"http:\/\/bilder.bloggen.fi\/skruttet\/thumb_angel-27.gif\" align=\"right\" border=\"0\"><\/a><\/p>\n<div>Passar p\u00e5 att blogga nu, innan bredbandet blir f\u00f6rflyttat till&nbsp;nya st\u00e4llet&#8230;. Till mitt alldeles egna \u00e4nglapalats&#8230; =) <br \/>Under morgondagen f\u00e5r jag hj\u00e4lp av den talande \u00e4ngeln + flickv\u00e4n att inreda d\u00e4r&#8230;. Alltid l\u00e4ttare nar&nbsp;man f\u00e5r hj\u00e4lp&#8230; Trevligt att fundera, planera, m\u00f6blera&#8230; Testa och se vad som passar var =)<\/div>\n<div>&nbsp;<\/div>\n<div>Konstaterade \u00e5ter i g\u00e5r att det \u00e4r tur att det finns f\u00f6rr\u00e5d&#8230;. En del av sakerna kommer nog att hamna d\u00e4r direkt&#8230;.. Sen n\u00e4r allt \u00e4r flyttat (har f\u00f6rhoppningar om att f\u00e5 i stort sett allt flyttat&nbsp;under kv\u00e4llen)&nbsp;och jag sitter d\u00e4r, mitt p\u00e5 golvet, &nbsp;bland alla m\u00f6bler och ouppackade l\u00e5dor&#8230;. s\u00e5 ska jag leta r\u00e4tt p\u00e5 en utav mina favorit ljusstakar&#8230;. T\u00e4nda ett ljus&#8230;. och dricka en cider&#8230;. och se ut \u00f6ver mitt \u00e4nnu oinredda hem&#8230;&#8230;<\/div>\n<div>&nbsp;<\/div>\n<div>*Mysfaktorn \u00e4r h\u00f6g*<\/div>\n<div>&nbsp;<\/div>\n<div>M\u00e5 s\u00e5 gott s\u00e5 l\u00e4nge!!<\/div>\n<div>&nbsp;<\/div>\n<div>\u00c4nglakramar!!<\/div>\n","protected":false},"excerpt":{"rendered":"<p>Passar p\u00e5 att blogga nu, innan bredbandet blir f\u00f6rflyttat till&nbsp;nya st\u00e4llet&#8230;. Till mitt alldeles egna \u00e4nglapalats&#8230; =) Under morgondagen f\u00e5r jag hj\u00e4lp av den talande \u00e4ngeln + flickv\u00e4n att inreda d\u00e4r&#8230;. Alltid l\u00e4ttare nar&nbsp;man f\u00e5r hj\u00e4lp&#8230; Trevligt att fundera, planera, &hellip; <a href=\"https:\/\/blog.skruttet.com\/?p=390\">Forts\u00e4tt l\u00e4sa <span class=\"meta-nav\">&rarr;<\/span><\/a><\/p>\n","protected":false},"author":1,"featured_media":0,"comment_status":"open","ping_status":"open","sticky":false,"template":"","format":"standard","meta":[],"categories":[9,10],"tags":[],"_links":{"self":[{"href":"https:\/\/blog.skruttet.com\/index.php?rest_route=\/wp\/v2\/posts\/390"}],"collection":[{"href":"https:\/\/blog.skruttet.com\/index.php?rest_route=\/wp\/v2\/posts"}],"about":[{"href":"https:\/\/blog.skruttet.com\/index.php?rest_route=\/wp\/v2\/types\/post"}],"author":[{"embeddable":true,"href":"https:\/\/blog.skruttet.com\/index.php?rest_route=\/wp\/v2\/users\/1"}],"replies":[{"embeddable":true,"href":"https:\/\/blog.skruttet.com\/index.php?rest_route=%2Fwp%2Fv2%2Fcomments&post=390"}],"version-history":[{"count":0,"href":"https:\/\/blog.skruttet.com\/index.php?rest_route=\/wp\/v2\/posts\/390\/revisions"}],"wp:attachment":[{"href":"https:\/\/blog.skruttet.com\/index.php?rest_route=%2Fwp%2Fv2%2Fmedia&parent=390"}],"wp:term":[{"taxonomy":"category","embeddable":true,"href":"https:\/\/blog.skruttet.com\/index.php?rest_route=%2Fwp%2Fv2%2Fcategories&post=390"},{"taxonomy":"post_tag","embeddable":true,"href":"https:\/\/blog.skruttet.com\/index.php?rest_route=%2Fwp%2Fv2%2Ftags&post=390"}],"curies":[{"name":"wp","href":"https:\/\/api.w.org\/{rel}","templated":true}]}}