{"id":3911,"date":"2012-09-14T11:27:44","date_gmt":"2012-09-14T08:27:44","guid":{"rendered":"http:\/\/bloggen.fi\/skruttet\/?p=3911"},"modified":"2012-09-14T11:27:44","modified_gmt":"2012-09-14T08:27:44","slug":"surnade-till-rejalt","status":"publish","type":"post","link":"https:\/\/blog.skruttet.com\/?p=3911","title":{"rendered":"Surnade till rej\u00e4lt&#8230;.."},"content":{"rendered":"<p>Fredag! En h\u00f6stlik s\u00e5dan.<\/p>\n<p><strong>Vaknade<\/strong> tidigt i morse. Pigg och utvilad. Det \u00e4r s\u00e5 sk\u00f6nt att vara hemma och f\u00e5 sova i egen s\u00e4ng! V\u00e4rkmedicinen b\u00f6rjar nu k\u00e4nnas tillr\u00e4cklig \u00e4ven nattetid, sover bra utan uppvaknanden pga n\u00e5gon sm\u00e4rta.<\/p>\n<p><strong>Muskelsp\u00e4nningar<\/strong> g\u00f6r sig p\u00e5minda och benet skakar ibland, men denh\u00e4r g\u00e5ngen fick jag medicin utskrivet f\u00f6r spasticiteten direkt s\u00e5 det \u00e4r l\u00e4tt avhj\u00e4lpt. \u00a0Medicinen hj\u00e4lper relativt snabbt och jag har l\u00e4rt mig att k\u00e4nna igen signalerna p\u00e5 n\u00e4r det \u00e4r dags att ta den lilla tabletten. \ud83d\ude42<\/p>\n<p><strong>Den<\/strong> tr\u00f6gflytande byr\u00e5kratin b\u00f6rjar \u00e4ntligen r\u00f6ra p\u00e5 sig efter m\u00e5nga samtal. Men jag \u00e4r allt annat \u00e4n glad! Ig\u00e5r tappade jag totalt t\u00e5lamodet och surnade till rej\u00e4lt; slog n\u00e4ven i bordet och kr\u00e4vde att \u00e5tminstone f\u00e5 kunna komma in och ut ur \u00c4nglag\u00e5rden med \u00e5ket p\u00e5 hjul.<br \/>\nM\u00e5let \u00e4r ju trots att jag \u00e4r gipsad och buren av stol att jag ska vara s\u00e5 sj\u00e4lvst\u00e4ndig som m\u00f6jligt. Det \u00e4r viktigt att f\u00f6rm\u00e5gorna som man har tas tillvara &#8211; att jag f\u00e5r g\u00f6ra det jag kan. Samtidigt som jag vill ha m\u00f6jligheten att sj\u00e4lv vara delaktig och ta ansvar f\u00f6r att huvudet ska orka.<\/p>\n<p><strong>F\u00f6r<\/strong> skulle jag s\u00e4ga annat \u00e4n att detta har varit och \u00e4r psykiskt p\u00e5frestande, s\u00e5 skulle jag ljuga. Myndighetstjat och bristande syn p\u00e5 helhetsperspektiv \u00e4r n\u00e5got som kan f\u00e5 mig enormt sur.<\/p>\n<p>Men jag \u00e4r alldeles s\u00e4ker p\u00e5 att n\u00e4r vi kommit i m\u00e5l och finheterna \u00e4r fina nog.<br \/>\nJa d\u00e5 kommer bel\u00f6ningen &#8211; d\u00e5 f\u00e5r vi njuta!! \ud83d\ude00<\/p>\n<p>\u00c4nglakramar!!<\/p>\n","protected":false},"excerpt":{"rendered":"<p>Fredag! En h\u00f6stlik s\u00e5dan. Vaknade tidigt i morse. Pigg och utvilad. Det \u00e4r s\u00e5 sk\u00f6nt att vara hemma och f\u00e5 sova i egen s\u00e4ng! V\u00e4rkmedicinen b\u00f6rjar nu k\u00e4nnas tillr\u00e4cklig \u00e4ven nattetid, sover bra utan uppvaknanden pga n\u00e5gon sm\u00e4rta. Muskelsp\u00e4nningar g\u00f6r &hellip; <a href=\"https:\/\/blog.skruttet.com\/?p=3911\">Forts\u00e4tt l\u00e4sa <span class=\"meta-nav\">&rarr;<\/span><\/a><\/p>\n","protected":false},"author":1,"featured_media":0,"comment_status":"open","ping_status":"closed","sticky":false,"template":"","format":"standard","meta":[],"categories":[7,10,16],"tags":[],"_links":{"self":[{"href":"https:\/\/blog.skruttet.com\/index.php?rest_route=\/wp\/v2\/posts\/3911"}],"collection":[{"href":"https:\/\/blog.skruttet.com\/index.php?rest_route=\/wp\/v2\/posts"}],"about":[{"href":"https:\/\/blog.skruttet.com\/index.php?rest_route=\/wp\/v2\/types\/post"}],"author":[{"embeddable":true,"href":"https:\/\/blog.skruttet.com\/index.php?rest_route=\/wp\/v2\/users\/1"}],"replies":[{"embeddable":true,"href":"https:\/\/blog.skruttet.com\/index.php?rest_route=%2Fwp%2Fv2%2Fcomments&post=3911"}],"version-history":[{"count":0,"href":"https:\/\/blog.skruttet.com\/index.php?rest_route=\/wp\/v2\/posts\/3911\/revisions"}],"wp:attachment":[{"href":"https:\/\/blog.skruttet.com\/index.php?rest_route=%2Fwp%2Fv2%2Fmedia&parent=3911"}],"wp:term":[{"taxonomy":"category","embeddable":true,"href":"https:\/\/blog.skruttet.com\/index.php?rest_route=%2Fwp%2Fv2%2Fcategories&post=3911"},{"taxonomy":"post_tag","embeddable":true,"href":"https:\/\/blog.skruttet.com\/index.php?rest_route=%2Fwp%2Fv2%2Ftags&post=3911"}],"curies":[{"name":"wp","href":"https:\/\/api.w.org\/{rel}","templated":true}]}}