{"id":3930,"date":"2012-09-17T16:52:46","date_gmt":"2012-09-17T13:52:46","guid":{"rendered":"http:\/\/bloggen.fi\/skruttet\/?p=3930"},"modified":"2012-09-17T16:52:46","modified_gmt":"2012-09-17T13:52:46","slug":"ser-lovande-ut","status":"publish","type":"post","link":"https:\/\/blog.skruttet.com\/?p=3930","title":{"rendered":"Ser lovande ut :)"},"content":{"rendered":"<p>Allt bara fint h\u00e4r!<a href=\"http:\/\/www.skruttet.com\/blog\/wp-content\/uploads\/2012\/09\/apple.jpg\"><img loading=\"lazy\" class=\"alignright size-medium wp-image-3931\" src=\"http:\/\/www.skruttet.com\/blog\/wp-content\/uploads\/2012\/09\/apple-300x200.jpg\" alt=\"\" width=\"300\" height=\"200\" srcset=\"https:\/\/blog.skruttet.com\/wp-content\/uploads\/2012\/09\/apple-300x200.jpg 300w, https:\/\/blog.skruttet.com\/wp-content\/uploads\/2012\/09\/apple-448x300.jpg 448w, https:\/\/blog.skruttet.com\/wp-content\/uploads\/2012\/09\/apple.jpg 750w\" sizes=\"(max-width: 300px) 100vw, 300px\" \/><\/a><br \/>\nF\u00f6rsiktigt b\u00f6rjar v\u00e4rkmedicinen trappas ner. Det g\u00f6r magen glad \ud83d\ude09<\/p>\n<p>V\u00e4lkommet \u00e4r ocks\u00e5 att den tr\u00f6gflytande byr\u00e5kratin \u00e4ntligen b\u00f6rjar ordna sig.<br \/>\nUnder \u00a0nuvarande vecka hoppas jag att ytblel\u00e4ggningen blir fixad s\u00e5 att den passar \u00e5ket p\u00e5 hjul och jag kan ta mig ut. \u00a0Det ser \u00e5tminstone riktigt lovande ut!! \ud83d\ude00<\/p>\n<p>Sakta sprids en doft av nybakat h\u00e4r hemma. I ugnen gr\u00e4ddas en fin \u00e4ppelkaka som har lagats med gemensamma krafter och kommer att passa alldeles perfekt till kv\u00e4llskaffet.<br \/>\nMums!!<\/p>\n<p>Ha en alldeles f\u00f6rtr\u00e4ffligt sk\u00f6n m\u00e5ndag,<br \/>\n\u00c4nglakramar!!<\/p>\n","protected":false},"excerpt":{"rendered":"<p>Allt bara fint h\u00e4r! F\u00f6rsiktigt b\u00f6rjar v\u00e4rkmedicinen trappas ner. Det g\u00f6r magen glad \ud83d\ude09 V\u00e4lkommet \u00e4r ocks\u00e5 att den tr\u00f6gflytande byr\u00e5kratin \u00e4ntligen b\u00f6rjar ordna sig. Under \u00a0nuvarande vecka hoppas jag att ytblel\u00e4ggningen blir fixad s\u00e5 att den passar \u00e5ket p\u00e5 &hellip; <a href=\"https:\/\/blog.skruttet.com\/?p=3930\">Forts\u00e4tt l\u00e4sa <span class=\"meta-nav\">&rarr;<\/span><\/a><\/p>\n","protected":false},"author":1,"featured_media":0,"comment_status":"open","ping_status":"closed","sticky":false,"template":"","format":"standard","meta":[],"categories":[10,16],"tags":[],"_links":{"self":[{"href":"https:\/\/blog.skruttet.com\/index.php?rest_route=\/wp\/v2\/posts\/3930"}],"collection":[{"href":"https:\/\/blog.skruttet.com\/index.php?rest_route=\/wp\/v2\/posts"}],"about":[{"href":"https:\/\/blog.skruttet.com\/index.php?rest_route=\/wp\/v2\/types\/post"}],"author":[{"embeddable":true,"href":"https:\/\/blog.skruttet.com\/index.php?rest_route=\/wp\/v2\/users\/1"}],"replies":[{"embeddable":true,"href":"https:\/\/blog.skruttet.com\/index.php?rest_route=%2Fwp%2Fv2%2Fcomments&post=3930"}],"version-history":[{"count":0,"href":"https:\/\/blog.skruttet.com\/index.php?rest_route=\/wp\/v2\/posts\/3930\/revisions"}],"wp:attachment":[{"href":"https:\/\/blog.skruttet.com\/index.php?rest_route=%2Fwp%2Fv2%2Fmedia&parent=3930"}],"wp:term":[{"taxonomy":"category","embeddable":true,"href":"https:\/\/blog.skruttet.com\/index.php?rest_route=%2Fwp%2Fv2%2Fcategories&post=3930"},{"taxonomy":"post_tag","embeddable":true,"href":"https:\/\/blog.skruttet.com\/index.php?rest_route=%2Fwp%2Fv2%2Ftags&post=3930"}],"curies":[{"name":"wp","href":"https:\/\/api.w.org\/{rel}","templated":true}]}}