{"id":3943,"date":"2012-09-20T17:12:22","date_gmt":"2012-09-20T14:12:22","guid":{"rendered":"http:\/\/bloggen.fi\/skruttet\/?p=3943"},"modified":"2012-09-20T17:12:22","modified_gmt":"2012-09-20T14:12:22","slug":"fint-blir-det","status":"publish","type":"post","link":"https:\/\/blog.skruttet.com\/?p=3943","title":{"rendered":"Fint blir det!!"},"content":{"rendered":"<p>\u00c4nnu en ny dag.<a href=\"http:\/\/www.skruttet.com\/blog\/wp-content\/uploads\/2012\/09\/nal-och-trad-trad_19-109320.jpg\"><img loading=\"lazy\" class=\"alignright size-medium wp-image-3944\" src=\"http:\/\/www.skruttet.com\/blog\/wp-content\/uploads\/2012\/09\/nal-och-trad-trad_19-109320-300x224.jpg\" alt=\"\" width=\"300\" height=\"224\" srcset=\"https:\/\/blog.skruttet.com\/wp-content\/uploads\/2012\/09\/nal-och-trad-trad_19-109320-300x224.jpg 300w, https:\/\/blog.skruttet.com\/wp-content\/uploads\/2012\/09\/nal-och-trad-trad_19-109320-400x300.jpg 400w, https:\/\/blog.skruttet.com\/wp-content\/uploads\/2012\/09\/nal-och-trad-trad_19-109320.jpg 626w\" sizes=\"(max-width: 300px) 100vw, 300px\" \/><\/a><br \/>\nG\u00e5rdagens stygnborttagning var inte det trevligaste jag upplevt precis.<br \/>\nMen nu \u00e4r det gjort \u00a0och de nya \u00e4rren s\u00e5g riktigt fina ut. Sk\u00f6nt var det att f\u00e5 bort den irriterande tr\u00e5den och \u00e4ven denna g\u00e5ng kunde jag bara konstatera att:<br \/>\nNog kunde de sy alltid. \ud83d\ude00<\/p>\n<p>Fint kommer det att bli med tiden n\u00e4r \u00e4rren bleknar!<\/p>\n<p>Nytt gips sattes p\u00e5 och det blev ett \u00e5terbes\u00f6k i dag f\u00f6r att &#8221;p\u00e5 garanti&#8221; f\u00e5 r\u00e4tta till och l\u00e4tta p\u00e5 trycket f\u00f6r t\u00e5rna. 2 \/8 veckor i gips \u00e4r avklarade i dag. Och skulle jag f\u00e5 best\u00e4mma s\u00e5 skulle de fyra kommande veckorna f\u00e5 g\u00e5 i raketfart f\u00f6r jag ser fram emot att n\u00e5 sjunde veckan d\u00e5 jag sakta f\u00e5r b\u00f6rja st\u00e5 med st\u00f6d p\u00e5 foten.<\/p>\n<p>Men just nu s\u00e5 \u00e4r det bara sk\u00f6nt att f\u00e5 vara i stillhet. Svullnaden och v\u00e4rken \u00f6kade efter g\u00e5rdagens bes\u00f6k s\u00e5 i natt har s\u00f6mnen inte varit speciellt god. Men med h\u00f6gl\u00e4ge, vift p\u00e5 t\u00e5rna och vila ordnar det sig s\u00e4kert. \ud83d\ude00<\/p>\n<p>\u00c4nglakramar!!<\/p>\n","protected":false},"excerpt":{"rendered":"<p>\u00c4nnu en ny dag. G\u00e5rdagens stygnborttagning var inte det trevligaste jag upplevt precis. Men nu \u00e4r det gjort \u00a0och de nya \u00e4rren s\u00e5g riktigt fina ut. Sk\u00f6nt var det att f\u00e5 bort den irriterande tr\u00e5den och \u00e4ven denna g\u00e5ng kunde &hellip; <a href=\"https:\/\/blog.skruttet.com\/?p=3943\">Forts\u00e4tt l\u00e4sa <span class=\"meta-nav\">&rarr;<\/span><\/a><\/p>\n","protected":false},"author":1,"featured_media":0,"comment_status":"open","ping_status":"closed","sticky":false,"template":"","format":"standard","meta":[],"categories":[7,10],"tags":[],"_links":{"self":[{"href":"https:\/\/blog.skruttet.com\/index.php?rest_route=\/wp\/v2\/posts\/3943"}],"collection":[{"href":"https:\/\/blog.skruttet.com\/index.php?rest_route=\/wp\/v2\/posts"}],"about":[{"href":"https:\/\/blog.skruttet.com\/index.php?rest_route=\/wp\/v2\/types\/post"}],"author":[{"embeddable":true,"href":"https:\/\/blog.skruttet.com\/index.php?rest_route=\/wp\/v2\/users\/1"}],"replies":[{"embeddable":true,"href":"https:\/\/blog.skruttet.com\/index.php?rest_route=%2Fwp%2Fv2%2Fcomments&post=3943"}],"version-history":[{"count":0,"href":"https:\/\/blog.skruttet.com\/index.php?rest_route=\/wp\/v2\/posts\/3943\/revisions"}],"wp:attachment":[{"href":"https:\/\/blog.skruttet.com\/index.php?rest_route=%2Fwp%2Fv2%2Fmedia&parent=3943"}],"wp:term":[{"taxonomy":"category","embeddable":true,"href":"https:\/\/blog.skruttet.com\/index.php?rest_route=%2Fwp%2Fv2%2Fcategories&post=3943"},{"taxonomy":"post_tag","embeddable":true,"href":"https:\/\/blog.skruttet.com\/index.php?rest_route=%2Fwp%2Fv2%2Ftags&post=3943"}],"curies":[{"name":"wp","href":"https:\/\/api.w.org\/{rel}","templated":true}]}}