{"id":3973,"date":"2012-09-26T00:04:17","date_gmt":"2012-09-25T21:04:17","guid":{"rendered":"http:\/\/bloggen.fi\/skruttet\/?p=3973"},"modified":"2012-09-26T00:04:17","modified_gmt":"2012-09-25T21:04:17","slug":"vackra-och-plana-ytor-skapas","status":"publish","type":"post","link":"https:\/\/blog.skruttet.com\/?p=3973","title":{"rendered":"Vackra och plana ytor skapas&#8230;."},"content":{"rendered":"<p>En bra dag har det varit p\u00e5 alla s\u00e4tt!<a href=\"http:\/\/www.skruttet.com\/blog\/wp-content\/uploads\/2012\/09\/blackandwhiteredroses.jpg\"><img loading=\"lazy\" class=\"alignright size-medium wp-image-3974\" src=\"http:\/\/www.skruttet.com\/blog\/wp-content\/uploads\/2012\/09\/blackandwhiteredroses-300x270.jpg\" alt=\"\" width=\"300\" height=\"270\" srcset=\"https:\/\/blog.skruttet.com\/wp-content\/uploads\/2012\/09\/blackandwhiteredroses-300x270.jpg 300w, https:\/\/blog.skruttet.com\/wp-content\/uploads\/2012\/09\/blackandwhiteredroses-332x300.jpg 332w, https:\/\/blog.skruttet.com\/wp-content\/uploads\/2012\/09\/blackandwhiteredroses.jpg 465w\" sizes=\"(max-width: 300px) 100vw, 300px\" \/><\/a><br \/>\nTr\u00f6ttheten b\u00f6rjar komma smygande s\u00e5 det \u00e4r nog dags att krypa till s\u00e4ngs.<br \/>\nDet g\u00f6r jag med ett leende p\u00e5 l\u00e4pparna d\u00e5 jag gl\u00e4ds \u00e5t att arbetet med ytbel\u00e4ggningen har p\u00e5b\u00f6rjats utanf\u00f6r f\u00f6nstret! \ud83d\ude42<\/p>\n<p>Rosor till de kunniga \u00c4nglarna som s\u00e5 smidigt lagar plana vackra ytor s\u00e5 att jag och mitt rullade \u00e5k kan ta oss ut utan att &lt;3-\u00c4ngelns rygg beh\u00f6ver belastas med n\u00e5got lyft. Det \u00e4r guld v\u00e4rt! Tack!<\/p>\n<p>Sov gott och dr\u00f6m s\u00f6tt &#8211; Jag \u00f6nskar dig en fin morgondag,<br \/>\n\u00c4nglakramar!!<\/p>\n","protected":false},"excerpt":{"rendered":"<p>En bra dag har det varit p\u00e5 alla s\u00e4tt! Tr\u00f6ttheten b\u00f6rjar komma smygande s\u00e5 det \u00e4r nog dags att krypa till s\u00e4ngs. Det g\u00f6r jag med ett leende p\u00e5 l\u00e4pparna d\u00e5 jag gl\u00e4ds \u00e5t att arbetet med ytbel\u00e4ggningen har p\u00e5b\u00f6rjats &hellip; <a href=\"https:\/\/blog.skruttet.com\/?p=3973\">Forts\u00e4tt l\u00e4sa <span class=\"meta-nav\">&rarr;<\/span><\/a><\/p>\n","protected":false},"author":1,"featured_media":0,"comment_status":"open","ping_status":"closed","sticky":false,"template":"","format":"standard","meta":[],"categories":[7,16],"tags":[],"_links":{"self":[{"href":"https:\/\/blog.skruttet.com\/index.php?rest_route=\/wp\/v2\/posts\/3973"}],"collection":[{"href":"https:\/\/blog.skruttet.com\/index.php?rest_route=\/wp\/v2\/posts"}],"about":[{"href":"https:\/\/blog.skruttet.com\/index.php?rest_route=\/wp\/v2\/types\/post"}],"author":[{"embeddable":true,"href":"https:\/\/blog.skruttet.com\/index.php?rest_route=\/wp\/v2\/users\/1"}],"replies":[{"embeddable":true,"href":"https:\/\/blog.skruttet.com\/index.php?rest_route=%2Fwp%2Fv2%2Fcomments&post=3973"}],"version-history":[{"count":0,"href":"https:\/\/blog.skruttet.com\/index.php?rest_route=\/wp\/v2\/posts\/3973\/revisions"}],"wp:attachment":[{"href":"https:\/\/blog.skruttet.com\/index.php?rest_route=%2Fwp%2Fv2%2Fmedia&parent=3973"}],"wp:term":[{"taxonomy":"category","embeddable":true,"href":"https:\/\/blog.skruttet.com\/index.php?rest_route=%2Fwp%2Fv2%2Fcategories&post=3973"},{"taxonomy":"post_tag","embeddable":true,"href":"https:\/\/blog.skruttet.com\/index.php?rest_route=%2Fwp%2Fv2%2Ftags&post=3973"}],"curies":[{"name":"wp","href":"https:\/\/api.w.org\/{rel}","templated":true}]}}