{"id":3981,"date":"2012-09-27T16:02:22","date_gmt":"2012-09-27T13:02:22","guid":{"rendered":"http:\/\/bloggen.fi\/skruttet\/?p=3981"},"modified":"2012-09-27T16:02:22","modified_gmt":"2012-09-27T13:02:22","slug":"sista-torsdagen-i-september","status":"publish","type":"post","link":"https:\/\/blog.skruttet.com\/?p=3981","title":{"rendered":"Sista torsdagen i september&#8230;."},"content":{"rendered":"<p>\u00c4nnu en ny dag. \u00a0<a href=\"http:\/\/www.skruttet.com\/blog\/wp-content\/uploads\/2012\/09\/Torsdag-33.jpg\"><img loading=\"lazy\" class=\"alignright size-medium wp-image-3982\" src=\"http:\/\/www.skruttet.com\/blog\/wp-content\/uploads\/2012\/09\/Torsdag-33-300x200.jpg\" alt=\"\" width=\"300\" height=\"200\" srcset=\"https:\/\/blog.skruttet.com\/wp-content\/uploads\/2012\/09\/Torsdag-33-300x200.jpg 300w, https:\/\/blog.skruttet.com\/wp-content\/uploads\/2012\/09\/Torsdag-33.jpg 450w\" sizes=\"(max-width: 300px) 100vw, 300px\" \/><\/a><\/p>\n<p>Almanackan visar septembers sista torsdag och det betyder att finheten n\u00e5r vecka 3 med gips idag. Det k\u00e4nns verkligen att fotst\u00e4llningen \u00e4ndrat nu.<br \/>\nEller r\u00e4ttare sagt fattar kroppen att foten har \u00e4ndrats. F\u00f6r precis som f\u00f6rra g\u00e5ngen g\u00f6r det ont i b\u00e5de kn\u00e4 och h\u00f6ft vid f\u00f6rflyttningar och musklerna sp\u00e4nner emot och protesterar.<br \/>\nMen jag h\u00e5ller ut. Det blir b\u00e4ttre i takt med att allt helnar. Just \u00e4r jag tacksam \u00f6ver att jag har upplevt detta f\u00f6rr och minns hur det var. Det f\u00e5r mig att orka med det onda b\u00e4ttre!<\/p>\n<p>Vad har annars skett hittills denna dag d\u00e5?<br \/>\nVi kollade som vanligt till v\u00e5ra simmande v\u00e4nner i glasl\u00e5dan och s\u00e5g att v\u00e4nnerna hade \u00f6kat i antal \u00e4nnu en g\u00e5ng. Har inte ens m\u00e4rkt att det var n\u00e5got p\u00e5 g\u00e5ng, de sm\u00e5 har legat v\u00e4l g\u00f6mda under en rot. \u00a0De sm\u00e5 liven brukar vara ganska m\u00e5nga i varje kull men vi har inte v\u00e5gat lyfta p\u00e5 roten f\u00f6r att se efter. Tids nog f\u00e5r vi nog se dem \u00e4nd\u00e5 och det \u00e4r b\u00e4ttre att l\u00e5ta dem vara \u00e4n att st\u00f6ra skulle jag tro. Hur m\u00e5nga som klarar sig och blir st\u00f6rre \u00e5terst\u00e5r v\u00e4l att se \ud83d\ude42<\/p>\n<p>Ha en fortsatt fin torsdag,<br \/>\n\u00c4nglakramar!!<\/p>\n","protected":false},"excerpt":{"rendered":"<p>\u00c4nnu en ny dag. \u00a0 Almanackan visar septembers sista torsdag och det betyder att finheten n\u00e5r vecka 3 med gips idag. Det k\u00e4nns verkligen att fotst\u00e4llningen \u00e4ndrat nu. Eller r\u00e4ttare sagt fattar kroppen att foten har \u00e4ndrats. F\u00f6r precis som &hellip; <a href=\"https:\/\/blog.skruttet.com\/?p=3981\">Forts\u00e4tt l\u00e4sa <span class=\"meta-nav\">&rarr;<\/span><\/a><\/p>\n","protected":false},"author":1,"featured_media":0,"comment_status":"open","ping_status":"closed","sticky":false,"template":"","format":"standard","meta":[],"categories":[7,16],"tags":[],"_links":{"self":[{"href":"https:\/\/blog.skruttet.com\/index.php?rest_route=\/wp\/v2\/posts\/3981"}],"collection":[{"href":"https:\/\/blog.skruttet.com\/index.php?rest_route=\/wp\/v2\/posts"}],"about":[{"href":"https:\/\/blog.skruttet.com\/index.php?rest_route=\/wp\/v2\/types\/post"}],"author":[{"embeddable":true,"href":"https:\/\/blog.skruttet.com\/index.php?rest_route=\/wp\/v2\/users\/1"}],"replies":[{"embeddable":true,"href":"https:\/\/blog.skruttet.com\/index.php?rest_route=%2Fwp%2Fv2%2Fcomments&post=3981"}],"version-history":[{"count":0,"href":"https:\/\/blog.skruttet.com\/index.php?rest_route=\/wp\/v2\/posts\/3981\/revisions"}],"wp:attachment":[{"href":"https:\/\/blog.skruttet.com\/index.php?rest_route=%2Fwp%2Fv2%2Fmedia&parent=3981"}],"wp:term":[{"taxonomy":"category","embeddable":true,"href":"https:\/\/blog.skruttet.com\/index.php?rest_route=%2Fwp%2Fv2%2Fcategories&post=3981"},{"taxonomy":"post_tag","embeddable":true,"href":"https:\/\/blog.skruttet.com\/index.php?rest_route=%2Fwp%2Fv2%2Ftags&post=3981"}],"curies":[{"name":"wp","href":"https:\/\/api.w.org\/{rel}","templated":true}]}}