{"id":3986,"date":"2012-09-28T13:00:25","date_gmt":"2012-09-28T10:00:25","guid":{"rendered":"http:\/\/bloggen.fi\/skruttet\/?p=3986"},"modified":"2012-09-28T13:00:25","modified_gmt":"2012-09-28T10:00:25","slug":"valbehovlig-omvaxling","status":"publish","type":"post","link":"https:\/\/blog.skruttet.com\/?p=3986","title":{"rendered":"V\u00e4lbeh\u00f6vlig omv\u00e4xling!!"},"content":{"rendered":"<p>S\u00e5 sk\u00f6nt med fredag!<a href=\"http:\/\/www.skruttet.com\/blog\/wp-content\/uploads\/2012\/09\/Sol_Glad.png\"><img loading=\"lazy\" class=\"alignright size-full wp-image-3987\" src=\"http:\/\/www.skruttet.com\/blog\/wp-content\/uploads\/2012\/09\/Sol_Glad.png\" alt=\"\" width=\"300\" height=\"295\" \/><\/a><br \/>\nEn fredag med helt ok v\u00e4der dessutom \ud83d\ude42<\/p>\n<p>Under dagen ska vi g\u00f6ra ett bes\u00f6k till en st\u00f6rre stad.<br \/>\nSka bli riktigt trevligt med lite omv\u00e4xling och se n\u00e5got annat \u00e4n hemmets fyra v\u00e4ggar f\u00f6r en stund. Hoppas finheten \u00e4r samarbetsvillig och inte protesterar med alltf\u00f6r mycket v\u00e4rk. \u00a0Men f\u00f6r s\u00e4kerhets skull l\u00e4ggs en liten ask med v\u00e4rkmedicin ner i v\u00e4skan innan vi \u00e5ker.<\/p>\n<p>Och n\u00e4r vi \u00e5terv\u00e4nder hem&#8230;<br \/>\nJa, D\u00c5 \u00e4r ytblel\u00e4ggningen p\u00e5 g\u00e5rden anv\u00e4ndarv\u00e4nlig f\u00f6r \u00c5ket p\u00e5 hjul och jag kan ta mig fram p\u00e5 egen hand. \u00a0Som jag har l\u00e4ngtat efter den stunden och som vi har v\u00e4ntat p\u00e5 att byr\u00e5kratins kvarn \u00a0ska mala f\u00e4rdigt.<\/p>\n<p>Men skam den som ger sig &#8211; det l\u00f6nar sig att v\u00e5ga vara obekv\u00e4m &#8211; nu\u00a0ska jag njuta!! \ud83d\ude00<\/p>\n<p>Ha en fin fredag,<br \/>\n\u00c4nglakramar!!<\/p>\n","protected":false},"excerpt":{"rendered":"<p>S\u00e5 sk\u00f6nt med fredag! En fredag med helt ok v\u00e4der dessutom \ud83d\ude42 Under dagen ska vi g\u00f6ra ett bes\u00f6k till en st\u00f6rre stad. Ska bli riktigt trevligt med lite omv\u00e4xling och se n\u00e5got annat \u00e4n hemmets fyra v\u00e4ggar f\u00f6r en &hellip; <a href=\"https:\/\/blog.skruttet.com\/?p=3986\">Forts\u00e4tt l\u00e4sa <span class=\"meta-nav\">&rarr;<\/span><\/a><\/p>\n","protected":false},"author":1,"featured_media":0,"comment_status":"open","ping_status":"closed","sticky":false,"template":"","format":"standard","meta":[],"categories":[7,10,16],"tags":[],"_links":{"self":[{"href":"https:\/\/blog.skruttet.com\/index.php?rest_route=\/wp\/v2\/posts\/3986"}],"collection":[{"href":"https:\/\/blog.skruttet.com\/index.php?rest_route=\/wp\/v2\/posts"}],"about":[{"href":"https:\/\/blog.skruttet.com\/index.php?rest_route=\/wp\/v2\/types\/post"}],"author":[{"embeddable":true,"href":"https:\/\/blog.skruttet.com\/index.php?rest_route=\/wp\/v2\/users\/1"}],"replies":[{"embeddable":true,"href":"https:\/\/blog.skruttet.com\/index.php?rest_route=%2Fwp%2Fv2%2Fcomments&post=3986"}],"version-history":[{"count":0,"href":"https:\/\/blog.skruttet.com\/index.php?rest_route=\/wp\/v2\/posts\/3986\/revisions"}],"wp:attachment":[{"href":"https:\/\/blog.skruttet.com\/index.php?rest_route=%2Fwp%2Fv2%2Fmedia&parent=3986"}],"wp:term":[{"taxonomy":"category","embeddable":true,"href":"https:\/\/blog.skruttet.com\/index.php?rest_route=%2Fwp%2Fv2%2Fcategories&post=3986"},{"taxonomy":"post_tag","embeddable":true,"href":"https:\/\/blog.skruttet.com\/index.php?rest_route=%2Fwp%2Fv2%2Ftags&post=3986"}],"curies":[{"name":"wp","href":"https:\/\/api.w.org\/{rel}","templated":true}]}}