{"id":404,"date":"2007-09-26T13:48:31","date_gmt":"2007-09-26T11:48:31","guid":{"rendered":"http:\/\/dagens-tankar"},"modified":"2007-09-26T13:48:31","modified_gmt":"2007-09-26T11:48:31","slug":"dagens-tankar","status":"publish","type":"post","link":"https:\/\/blog.skruttet.com\/?p=404","title":{"rendered":"Dagens tankar&#8230;&#8230;"},"content":{"rendered":"<p><a href=\"http:\/\/bilder.bloggen.fi\/skruttet\/vind.JPG\"><img src=\"http:\/\/bilder.bloggen.fi\/skruttet\/thumb_vind.JPG\" align=\"right\" border=\"0\"><\/a><\/p>\n<div>Hej igen!!<\/div>\n<div>Ur mitt inre str\u00f6mmar en massa k\u00e4nslor&#8230;. Mitt huvud rymmer en massa tankar&#8230;.. <\/div>\n<div>Jag s\u00e4ger med en g\u00e5ng att det kanske inte blir n\u00e5gon upplyftande l\u00e4sning direkt, du v\u00e4ljer sj\u00e4lv om du vill l\u00e4sa&#8230;. <\/div>\n<div>Jag delger nu mina tankar dels f\u00f6r att de beh\u00f6ver f\u00e5 komma ut, men \u00e4ven med en innerlig f\u00f6rhoppning att kunna hj\u00e4lpa n\u00e5gon annan!!<\/div>\n<div>&nbsp;<\/div>\n<div>Det \u00e4r nu lite \u00f6ver 6 m\u00e5nader sedan jag fattade beslutet att l\u00e5ta ta bort livmodern&#8230;. Inget l\u00e4tt beslut! Men inget jag \u00e5ngrar!! Periodvis har jag varit ledsen och &nbsp;haft tankar kring detta faktum att jag \u00f6nskat att jag hade haft \u00e5tminstone ett lite barn f\u00f6re operationen gjordes&#8230;. Hade det varit l\u00e4ttare d\u00e5?? Jag tror inte det&#8230; F\u00f6r jag tror att oavsett i vilken \u00e5lder man av n\u00e5gon orsak blir tvungen fatta detta beslut s\u00e5 \u00e4r det en sorg&#8230;.&nbsp;Jag &nbsp;upplevde att&nbsp;jag &#8221;tappade&#8221; en del av min kvinnlighet&#8230;.. Jag VET att man \u00e4r lika mycket kvinna utan livmoder som med&#8230;.. Kvinnligheten sitter inte i den! Men sorgen M\u00c5STE f\u00e5 ta den tid den tar!! Tankar och k\u00e4nslor beh\u00f6ver f\u00e5 plats&#8230;.. Det \u00e4r f\u00f6rst\u00e5s v\u00e4ldigt individuellt hur man upplever en situation som denna&#8230; Men kommer k\u00e4nslorna och tankarna s\u00e5 \u00e4r det lika bra att ta tag i dom NU, f\u00f6r det blir bara sv\u00e5rare om man tr\u00e4nger undan, d\u00e5 skjuts det bara upp&#8230;. Fast jo, man tr\u00e4nger l\u00e4tt undan sv\u00e5ra saker&#8230;. Jag vet att jag skrivit om detta f\u00f6rr&#8230;.. Men i dag finns dessa k\u00e4nslor \u00e5ter i mitt inre&#8230;..<\/div>\n<div>&nbsp;<\/div>\n<div>Tanken p\u00e5 att ev leva barnl\u00f6s t\u00e4r s\u00e5 p\u00e5 mig i dag!&nbsp;Jovisst, jag har sm\u00e5 \u00e4nglar i min n\u00e4rhet som jag \u00e4lskar av hela mitt varma hj\u00e4rta&#8230;. Men det \u00e4r inte samma sak!! Hur g\u00e4rna man \u00e4n vill s\u00e5 \u00e4r det inte det!! Man kan inte ers\u00e4tta ett eget barn med n\u00e5got annat!! Man \u00e4r ju inte en s\u00e4mre m\u00e4nnsika trots att man \u00e4r barnl\u00f6s&#8230;. Utan precis lika mycket v\u00e4rd som vem annan som helst!!!<\/div>\n<div>&nbsp;<\/div>\n<div>N\u00e5ja, framtiden f\u00e5r utvisa hur mitt liv blir&#8230;.&nbsp; Detta \u00e4r ingenting jag upplever som stressande p\u00e5 n\u00e5got s\u00e4tt&#8230;. Det \u00e4r bara&nbsp;dagens tankar och&nbsp;k\u00e4nslor&nbsp;=)<\/div>\n<div>&nbsp;<\/div>\n<div>\u00c4nglakramar!!<\/div>\n<div>&nbsp;<\/div>\n","protected":false},"excerpt":{"rendered":"<p>Hej igen!! Ur mitt inre str\u00f6mmar en massa k\u00e4nslor&#8230;. Mitt huvud rymmer en massa tankar&#8230;.. Jag s\u00e4ger med en g\u00e5ng att det kanske inte blir n\u00e5gon upplyftande l\u00e4sning direkt, du v\u00e4ljer sj\u00e4lv om du vill l\u00e4sa&#8230;. Jag delger nu mina &hellip; <a href=\"https:\/\/blog.skruttet.com\/?p=404\">Forts\u00e4tt l\u00e4sa <span class=\"meta-nav\">&rarr;<\/span><\/a><\/p>\n","protected":false},"author":1,"featured_media":0,"comment_status":"open","ping_status":"open","sticky":false,"template":"","format":"standard","meta":[],"categories":[11,14],"tags":[],"_links":{"self":[{"href":"https:\/\/blog.skruttet.com\/index.php?rest_route=\/wp\/v2\/posts\/404"}],"collection":[{"href":"https:\/\/blog.skruttet.com\/index.php?rest_route=\/wp\/v2\/posts"}],"about":[{"href":"https:\/\/blog.skruttet.com\/index.php?rest_route=\/wp\/v2\/types\/post"}],"author":[{"embeddable":true,"href":"https:\/\/blog.skruttet.com\/index.php?rest_route=\/wp\/v2\/users\/1"}],"replies":[{"embeddable":true,"href":"https:\/\/blog.skruttet.com\/index.php?rest_route=%2Fwp%2Fv2%2Fcomments&post=404"}],"version-history":[{"count":0,"href":"https:\/\/blog.skruttet.com\/index.php?rest_route=\/wp\/v2\/posts\/404\/revisions"}],"wp:attachment":[{"href":"https:\/\/blog.skruttet.com\/index.php?rest_route=%2Fwp%2Fv2%2Fmedia&parent=404"}],"wp:term":[{"taxonomy":"category","embeddable":true,"href":"https:\/\/blog.skruttet.com\/index.php?rest_route=%2Fwp%2Fv2%2Fcategories&post=404"},{"taxonomy":"post_tag","embeddable":true,"href":"https:\/\/blog.skruttet.com\/index.php?rest_route=%2Fwp%2Fv2%2Ftags&post=404"}],"curies":[{"name":"wp","href":"https:\/\/api.w.org\/{rel}","templated":true}]}}