{"id":4077,"date":"2012-10-11T14:20:57","date_gmt":"2012-10-11T11:20:57","guid":{"rendered":"http:\/\/bloggen.fi\/skruttet\/?p=4077"},"modified":"2012-10-11T14:20:57","modified_gmt":"2012-10-11T11:20:57","slug":"sa-nar-jag-da","status":"publish","type":"post","link":"https:\/\/blog.skruttet.com\/?p=4077","title":{"rendered":"S\u00e5 n\u00e5r jag d\u00e5&#8230;"},"content":{"rendered":"<p>vecka 5 \/8 med gips i dag.<a href=\"http:\/\/www.skruttet.com\/blog\/wp-content\/uploads\/2012\/10\/ond-fot_175641581.png\"><img loading=\"lazy\" class=\"alignright size-medium wp-image-4078\" src=\"http:\/\/www.skruttet.com\/blog\/wp-content\/uploads\/2012\/10\/ond-fot_175641581-186x300.png\" alt=\"\" width=\"186\" height=\"300\" srcset=\"https:\/\/blog.skruttet.com\/wp-content\/uploads\/2012\/10\/ond-fot_175641581-186x300.png 186w, https:\/\/blog.skruttet.com\/wp-content\/uploads\/2012\/10\/ond-fot_175641581.png 199w\" sizes=\"(max-width: 186px) 100vw, 186px\" \/><\/a><br \/>\nNu b\u00f6rjar slutet k\u00e4nnas inom r\u00e4ckh\u00e5ll. N\u00e4r gipsvecka 7 b\u00f6rjar (dvs n\u00e4sta fredag) f\u00e5r\/ska belastningstr\u00e4ningen b\u00f6rja. Och b\u00e5da f\u00f6tterna ska i golvet.<br \/>\nHittills har bara benets vikt vilat p\u00e5 foten.<\/p>\n<p>Gipset b\u00f6rjar k\u00e4nnas l\u00f6st s\u00e5 under n\u00e4sta vecka finns en tid f\u00f6r kontroll. Vilket gissningsvis leder till att foten gipsas om f\u00f6r att foten ska vara stabil och h\u00e5llas i r\u00e4tt st\u00e4llning n\u00e4r den belastas.<\/p>\n<p>Med stor entusiasm ser jag fram emot de kommande veckorna &#8211; det ska bli s\u00e5 sp\u00e4nnande att se hur det utvecklar sig. \ud83d\ude42<\/p>\n<p>Nehepp, nu \u00e4r det dags f\u00f6r en balja gott eftermiddagskaffe.<br \/>\n\u00c4nglakramar!!<\/p>\n","protected":false},"excerpt":{"rendered":"<p>vecka 5 \/8 med gips i dag. Nu b\u00f6rjar slutet k\u00e4nnas inom r\u00e4ckh\u00e5ll. N\u00e4r gipsvecka 7 b\u00f6rjar (dvs n\u00e4sta fredag) f\u00e5r\/ska belastningstr\u00e4ningen b\u00f6rja. Och b\u00e5da f\u00f6tterna ska i golvet. Hittills har bara benets vikt vilat p\u00e5 foten. Gipset b\u00f6rjar k\u00e4nnas &hellip; <a href=\"https:\/\/blog.skruttet.com\/?p=4077\">Forts\u00e4tt l\u00e4sa <span class=\"meta-nav\">&rarr;<\/span><\/a><\/p>\n","protected":false},"author":1,"featured_media":0,"comment_status":"open","ping_status":"closed","sticky":false,"template":"","format":"standard","meta":[],"categories":[7],"tags":[],"_links":{"self":[{"href":"https:\/\/blog.skruttet.com\/index.php?rest_route=\/wp\/v2\/posts\/4077"}],"collection":[{"href":"https:\/\/blog.skruttet.com\/index.php?rest_route=\/wp\/v2\/posts"}],"about":[{"href":"https:\/\/blog.skruttet.com\/index.php?rest_route=\/wp\/v2\/types\/post"}],"author":[{"embeddable":true,"href":"https:\/\/blog.skruttet.com\/index.php?rest_route=\/wp\/v2\/users\/1"}],"replies":[{"embeddable":true,"href":"https:\/\/blog.skruttet.com\/index.php?rest_route=%2Fwp%2Fv2%2Fcomments&post=4077"}],"version-history":[{"count":0,"href":"https:\/\/blog.skruttet.com\/index.php?rest_route=\/wp\/v2\/posts\/4077\/revisions"}],"wp:attachment":[{"href":"https:\/\/blog.skruttet.com\/index.php?rest_route=%2Fwp%2Fv2%2Fmedia&parent=4077"}],"wp:term":[{"taxonomy":"category","embeddable":true,"href":"https:\/\/blog.skruttet.com\/index.php?rest_route=%2Fwp%2Fv2%2Fcategories&post=4077"},{"taxonomy":"post_tag","embeddable":true,"href":"https:\/\/blog.skruttet.com\/index.php?rest_route=%2Fwp%2Fv2%2Ftags&post=4077"}],"curies":[{"name":"wp","href":"https:\/\/api.w.org\/{rel}","templated":true}]}}