{"id":4096,"date":"2012-10-15T15:58:16","date_gmt":"2012-10-15T12:58:16","guid":{"rendered":"http:\/\/bloggen.fi\/skruttet\/?p=4096"},"modified":"2012-10-15T15:58:16","modified_gmt":"2012-10-15T12:58:16","slug":"mandag-nu-har","status":"publish","type":"post","link":"https:\/\/blog.skruttet.com\/?p=4096","title":{"rendered":"M\u00e5ndag &#8211; Nu &#038; h\u00e4r!"},"content":{"rendered":"<p>Sk\u00f6n musik str\u00f6mmar ut genom datorns h\u00f6gtalare. <a href=\"http:\/\/www.skruttet.com\/blog\/wp-content\/uploads\/2012\/10\/monday_cat-2f8e19afb46e74ebde8e4e5f6b318e4c.jpg\"><img loading=\"lazy\" class=\"alignright size-medium wp-image-4097\" src=\"http:\/\/www.skruttet.com\/blog\/wp-content\/uploads\/2012\/10\/monday_cat-2f8e19afb46e74ebde8e4e5f6b318e4c-277x300.jpg\" alt=\"\" width=\"277\" height=\"300\" srcset=\"https:\/\/blog.skruttet.com\/wp-content\/uploads\/2012\/10\/monday_cat-2f8e19afb46e74ebde8e4e5f6b318e4c-277x300.jpg 277w, https:\/\/blog.skruttet.com\/wp-content\/uploads\/2012\/10\/monday_cat-2f8e19afb46e74ebde8e4e5f6b318e4c.jpg 362w\" sizes=\"(max-width: 277px) 100vw, 277px\" \/><\/a><br \/>\nMorgonens nollgradiga kyla har ersatts av eftermiddagens sol som varsamt v\u00e4rmer min kind. Mina f\u00f6nster \u00e4r skitiga.<br \/>\nMen det skiter jag i.<\/p>\n<p>Surret fr\u00e5n tv\u00e4ttmaskinen h\u00f6rs. I sovrummet doftar det h\u00e4rligt friskt och renb\u00e4ddat.<br \/>\nN\u00e5gon ringer fel och sl\u00e4nger p\u00e5 n\u00e4r jag svarar. Igen! Det sker d\u00e5 och d\u00e5. Lyckligtvis inte lika ofta nu som f\u00f6rr.<\/p>\n<p>Lunchen har \u00e4tits sedan en f\u00f6r n\u00e5gon timme sedan och eftermiddagskaffet st\u00e5r f\u00e4rdigt laddat i bryggaren. Jag \u00e4r glad \u00f6ver dagen i dag. Fast jag stundtals har vansinnigt tr\u00e5kigt.<br \/>\nVill b\u00f6rja anv\u00e4nda finheterna som jag f\u00e5tt. K\u00e4nner stabiliteten komma smygande. Jag viftar p\u00e5 t\u00e5rna och b\u00f6rjar k\u00e4nna mig redo f\u00f6r att st\u00e5.<\/p>\n<p>Ot\u00e5ligheten sj\u00e4lv st\u00e5r att l\u00e4sa i min panna. Det \u00e4r s\u00e5 mycket jag vill veta! Det \u00e4r s\u00e5 mycket som jag vill f\u00e5 klarhet i. Mycket \u00e4r ovisst! Men det \u00e4r bara att v\u00e4nta &#8211; v\u00e4nta och se!!<\/p>\n<p>\u00c4nglakramar!!<\/p>\n","protected":false},"excerpt":{"rendered":"<p>Sk\u00f6n musik str\u00f6mmar ut genom datorns h\u00f6gtalare. Morgonens nollgradiga kyla har ersatts av eftermiddagens sol som varsamt v\u00e4rmer min kind. Mina f\u00f6nster \u00e4r skitiga. Men det skiter jag i. Surret fr\u00e5n tv\u00e4ttmaskinen h\u00f6rs. I sovrummet doftar det h\u00e4rligt friskt och &hellip; <a href=\"https:\/\/blog.skruttet.com\/?p=4096\">Forts\u00e4tt l\u00e4sa <span class=\"meta-nav\">&rarr;<\/span><\/a><\/p>\n","protected":false},"author":1,"featured_media":0,"comment_status":"open","ping_status":"closed","sticky":false,"template":"","format":"standard","meta":[],"categories":[7,14,16],"tags":[],"_links":{"self":[{"href":"https:\/\/blog.skruttet.com\/index.php?rest_route=\/wp\/v2\/posts\/4096"}],"collection":[{"href":"https:\/\/blog.skruttet.com\/index.php?rest_route=\/wp\/v2\/posts"}],"about":[{"href":"https:\/\/blog.skruttet.com\/index.php?rest_route=\/wp\/v2\/types\/post"}],"author":[{"embeddable":true,"href":"https:\/\/blog.skruttet.com\/index.php?rest_route=\/wp\/v2\/users\/1"}],"replies":[{"embeddable":true,"href":"https:\/\/blog.skruttet.com\/index.php?rest_route=%2Fwp%2Fv2%2Fcomments&post=4096"}],"version-history":[{"count":0,"href":"https:\/\/blog.skruttet.com\/index.php?rest_route=\/wp\/v2\/posts\/4096\/revisions"}],"wp:attachment":[{"href":"https:\/\/blog.skruttet.com\/index.php?rest_route=%2Fwp%2Fv2%2Fmedia&parent=4096"}],"wp:term":[{"taxonomy":"category","embeddable":true,"href":"https:\/\/blog.skruttet.com\/index.php?rest_route=%2Fwp%2Fv2%2Fcategories&post=4096"},{"taxonomy":"post_tag","embeddable":true,"href":"https:\/\/blog.skruttet.com\/index.php?rest_route=%2Fwp%2Fv2%2Ftags&post=4096"}],"curies":[{"name":"wp","href":"https:\/\/api.w.org\/{rel}","templated":true}]}}