{"id":4137,"date":"2012-10-24T13:46:47","date_gmt":"2012-10-24T10:46:47","guid":{"rendered":"http:\/\/bloggen.fi\/skruttet\/?p=4137"},"modified":"2012-10-24T13:46:47","modified_gmt":"2012-10-24T10:46:47","slug":"mig-lar-han-massor","status":"publish","type":"post","link":"https:\/\/blog.skruttet.com\/?p=4137","title":{"rendered":"Han l\u00e4r mig massor&#8230;."},"content":{"rendered":"<p>En t\u00e5r finns i min \u00f6gonvr\u00e5. Jag grips av det ordfl\u00f6de som syns p\u00e5 sk\u00e4rmen.<a href=\"http:\/\/www.skruttet.com\/blog\/wp-content\/uploads\/2012\/10\/vacker_l_sning_1186383632_1221886.jpg\"><img loading=\"lazy\" class=\"alignright size-medium wp-image-4138\" src=\"http:\/\/www.skruttet.com\/blog\/wp-content\/uploads\/2012\/10\/vacker_l_sning_1186383632_1221886-300x253.jpg\" alt=\"\" width=\"300\" height=\"253\" srcset=\"https:\/\/blog.skruttet.com\/wp-content\/uploads\/2012\/10\/vacker_l_sning_1186383632_1221886-300x253.jpg 300w, https:\/\/blog.skruttet.com\/wp-content\/uploads\/2012\/10\/vacker_l_sning_1186383632_1221886-354x300.jpg 354w, https:\/\/blog.skruttet.com\/wp-content\/uploads\/2012\/10\/vacker_l_sning_1186383632_1221886.jpg 500w\" sizes=\"(max-width: 300px) 100vw, 300px\" \/><\/a><br \/>\nFann fl\u00f6det f\u00f6r n\u00e5gon dag sedan. S\u00e5 ber\u00f6rande. Men s\u00e5 grymt. Och jag kan inte l\u00e5ta bli att k\u00e4nna or\u00e4ttvisa.<\/p>\n<p>H\u00e4r sitter jag och l\u00e4ser detta fenomenala ordfl\u00f6de journalisten <a href=\"http:\/\/ikroppenmin.blogspot.se\/\" target=\"_blank\">Kristian<\/a>\u00a0ger mig.<br \/>\nTjugonio \u00e5r ung lever han i vetskapen om att livet snart \u00e4r till \u00e4nda. Han vet att han har cancer. Han vet att han ska d\u00f6.<\/p>\n<p>Jag. Torkar en t\u00e5r och st\u00e4nger sidan med hj\u00e4lp av h\u00f6gra h\u00f6rnets kryss. Och poff s\u00e5 \u00e4r det borta. S\u00e5 forts\u00e4tter dagen &#8211; s\u00e5 forts\u00e4tter livet. S\u00e5 enkelt! Men jag l\u00e4mnas inte ober\u00f6rd.<br \/>\nDet g\u00f6r nog ingen! Mig l\u00e4r han massor.<\/p>\n<p>Ha en fin onsdag &#8211; var r\u00e4dda om varandra!<br \/>\n\u00c4nglakramar!!<\/p>\n","protected":false},"excerpt":{"rendered":"<p>En t\u00e5r finns i min \u00f6gonvr\u00e5. Jag grips av det ordfl\u00f6de som syns p\u00e5 sk\u00e4rmen. Fann fl\u00f6det f\u00f6r n\u00e5gon dag sedan. S\u00e5 ber\u00f6rande. Men s\u00e5 grymt. Och jag kan inte l\u00e5ta bli att k\u00e4nna or\u00e4ttvisa. H\u00e4r sitter jag och l\u00e4ser &hellip; <a href=\"https:\/\/blog.skruttet.com\/?p=4137\">Forts\u00e4tt l\u00e4sa <span class=\"meta-nav\">&rarr;<\/span><\/a><\/p>\n","protected":false},"author":1,"featured_media":0,"comment_status":"open","ping_status":"closed","sticky":false,"template":"","format":"standard","meta":[],"categories":[12,14],"tags":[],"_links":{"self":[{"href":"https:\/\/blog.skruttet.com\/index.php?rest_route=\/wp\/v2\/posts\/4137"}],"collection":[{"href":"https:\/\/blog.skruttet.com\/index.php?rest_route=\/wp\/v2\/posts"}],"about":[{"href":"https:\/\/blog.skruttet.com\/index.php?rest_route=\/wp\/v2\/types\/post"}],"author":[{"embeddable":true,"href":"https:\/\/blog.skruttet.com\/index.php?rest_route=\/wp\/v2\/users\/1"}],"replies":[{"embeddable":true,"href":"https:\/\/blog.skruttet.com\/index.php?rest_route=%2Fwp%2Fv2%2Fcomments&post=4137"}],"version-history":[{"count":0,"href":"https:\/\/blog.skruttet.com\/index.php?rest_route=\/wp\/v2\/posts\/4137\/revisions"}],"wp:attachment":[{"href":"https:\/\/blog.skruttet.com\/index.php?rest_route=%2Fwp%2Fv2%2Fmedia&parent=4137"}],"wp:term":[{"taxonomy":"category","embeddable":true,"href":"https:\/\/blog.skruttet.com\/index.php?rest_route=%2Fwp%2Fv2%2Fcategories&post=4137"},{"taxonomy":"post_tag","embeddable":true,"href":"https:\/\/blog.skruttet.com\/index.php?rest_route=%2Fwp%2Fv2%2Ftags&post=4137"}],"curies":[{"name":"wp","href":"https:\/\/api.w.org\/{rel}","templated":true}]}}