{"id":4144,"date":"2012-10-24T18:37:47","date_gmt":"2012-10-24T15:37:47","guid":{"rendered":"http:\/\/bloggen.fi\/skruttet\/?p=4144"},"modified":"2012-10-24T18:37:47","modified_gmt":"2012-10-24T15:37:47","slug":"inga-barn-far-hamna-utanfor","status":"publish","type":"post","link":"https:\/\/blog.skruttet.com\/?p=4144","title":{"rendered":"Inga barn f\u00e5r hamna utanf\u00f6r"},"content":{"rendered":"<p><em>N\u00e5got \u00e4r fel. I Sverige \u00e4r vi \u00f6verens om att alla barn ska ha samma r\u00e4ttigheter. \u00c4nd\u00e5 finns det barn som inte r\u00e4knas in. Som ingen ser. Som hamnar utanf\u00f6r. \u00a0<\/em><\/p>\n<p><em>Det kan b\u00f6rja i fattigdom, segregation, med en diagnos, med f\u00f6r\u00e4ldrar som har problem eller att hj\u00e4lpen ser s\u00e5 olika ut beroende p\u00e5 var man bor. Vissa f\u00e5r hj\u00e4lp, andra inte. I v\u00e4rsta fall leder det till att barn inte klarar skolan. D\u00e4rifr\u00e5n kan v\u00e4gen tillbaka vara v\u00e4ldigt l\u00e5ng.<\/em><\/p>\n<p><em>Inga barn f\u00e5r hamna utanf\u00f6r. Om barnkonventionen vore svensk lag skulle det vara sv\u00e5rare f\u00f6r vuxna att gl\u00f6mma bort, att inte se, att inte ta ansvar.\u00a0<\/em><\/p>\n<p><em><\/em><br \/>\n<a href=\"http:\/\/www.skruttet.com\/blog\/wp-content\/uploads\/2012\/10\/wire_560_bb99daba6c849c2e-5751.jpg\"><img loading=\"lazy\" class=\"size-medium wp-image-4147 alignleft\" src=\"http:\/\/www.skruttet.com\/blog\/wp-content\/uploads\/2012\/10\/wire_560_bb99daba6c849c2e-5751-300x183.jpg\" alt=\"\" width=\"300\" height=\"183\" srcset=\"https:\/\/blog.skruttet.com\/wp-content\/uploads\/2012\/10\/wire_560_bb99daba6c849c2e-5751-300x183.jpg 300w, https:\/\/blog.skruttet.com\/wp-content\/uploads\/2012\/10\/wire_560_bb99daba6c849c2e-5751-491x300.jpg 491w, https:\/\/blog.skruttet.com\/wp-content\/uploads\/2012\/10\/wire_560_bb99daba6c849c2e-5751.jpg 560w\" sizes=\"(max-width: 300px) 100vw, 300px\" \/><\/a><em><strong><a href=\"http:\/\/unicef.se\/utanfor\" target=\"_blank\">Jag har skrivit under p\u00e5 unicef.se\/utanf\u00f6r.<\/a>\u00a0G\u00f6r det du ocks\u00e5!<\/strong><\/em><\/p>\n<p><em>Har du en blogg? Hj\u00e4lp UNICEF att uppm\u00e4rksamma barnen som hamnar utanf\u00f6r. Bes\u00f6k\u00a0<a href=\"http:\/\/unicef.se\/sprid-budskapet\/blogga-mot-socialt-utanf%C3%B6rskap\">unicef.se\/sprid-budskapet\/blogga-mot-socialt-utanf\u00f6rskap<\/a>\u00a0f\u00f6r att h\u00e4mta material.<\/em><\/p>\n<p>Bild av: UNICEF\/Frank Aschberg<\/p>\n","protected":false},"excerpt":{"rendered":"<p>N\u00e5got \u00e4r fel. I Sverige \u00e4r vi \u00f6verens om att alla barn ska ha samma r\u00e4ttigheter. \u00c4nd\u00e5 finns det barn som inte r\u00e4knas in. Som ingen ser. Som hamnar utanf\u00f6r. \u00a0 Det kan b\u00f6rja i fattigdom, segregation, med en diagnos, &hellip; <a href=\"https:\/\/blog.skruttet.com\/?p=4144\">Forts\u00e4tt l\u00e4sa <span class=\"meta-nav\">&rarr;<\/span><\/a><\/p>\n","protected":false},"author":1,"featured_media":0,"comment_status":"open","ping_status":"closed","sticky":false,"template":"","format":"standard","meta":[],"categories":[9],"tags":[],"_links":{"self":[{"href":"https:\/\/blog.skruttet.com\/index.php?rest_route=\/wp\/v2\/posts\/4144"}],"collection":[{"href":"https:\/\/blog.skruttet.com\/index.php?rest_route=\/wp\/v2\/posts"}],"about":[{"href":"https:\/\/blog.skruttet.com\/index.php?rest_route=\/wp\/v2\/types\/post"}],"author":[{"embeddable":true,"href":"https:\/\/blog.skruttet.com\/index.php?rest_route=\/wp\/v2\/users\/1"}],"replies":[{"embeddable":true,"href":"https:\/\/blog.skruttet.com\/index.php?rest_route=%2Fwp%2Fv2%2Fcomments&post=4144"}],"version-history":[{"count":0,"href":"https:\/\/blog.skruttet.com\/index.php?rest_route=\/wp\/v2\/posts\/4144\/revisions"}],"wp:attachment":[{"href":"https:\/\/blog.skruttet.com\/index.php?rest_route=%2Fwp%2Fv2%2Fmedia&parent=4144"}],"wp:term":[{"taxonomy":"category","embeddable":true,"href":"https:\/\/blog.skruttet.com\/index.php?rest_route=%2Fwp%2Fv2%2Fcategories&post=4144"},{"taxonomy":"post_tag","embeddable":true,"href":"https:\/\/blog.skruttet.com\/index.php?rest_route=%2Fwp%2Fv2%2Ftags&post=4144"}],"curies":[{"name":"wp","href":"https:\/\/api.w.org\/{rel}","templated":true}]}}