{"id":416,"date":"2007-10-18T13:01:05","date_gmt":"2007-10-18T11:01:05","guid":{"rendered":"http:\/\/adoption"},"modified":"2007-10-18T13:01:05","modified_gmt":"2007-10-18T11:01:05","slug":"adoption","status":"publish","type":"post","link":"https:\/\/blog.skruttet.com\/?p=416","title":{"rendered":"Adoption???"},"content":{"rendered":"<p><a href=\"http:\/\/bilder.bloggen.fi\/skruttet\/f\u00f6tter.jpg\"><img src=\"http:\/\/bilder.bloggen.fi\/skruttet\/thumb_f\u00f6tter.jpg\" align=\"right\" border=\"0\"><\/a><\/p>\n<div>Hej hopp \u00e4nglalock!<\/div>\n<div>Ytterligare en tankeperiod \u00e4r till \u00e4nda&#8230; Dessa perioder kan vara allt mellan n\u00e5gra timmar till 2 dagar&#8230;. Inneb\u00e4r ofta en stor m\u00e4ngd t\u00e5rar men ocks\u00e5 skratt&#8230; Telefonen s\u00e4tts ofta p\u00e5 ljudl\u00f6s f\u00f6r att jag ska f\u00e5 vara i fred med mina tankar och intryck&#8230;. Ensamheten \u00e4r sk\u00f6n&#8230; Men det \u00e4r lika viktigt att det finns n\u00e5gon som orkar lyssna, tr\u00f6sta och f\u00f6rst\u00e5&#8230;. N\u00e5gon som till\u00e5ter att jag \u00e4r lessen, n\u00e5gon som f\u00f6rst\u00e5r att jag VET att det kommer b\u00e4ttre dagar!<\/div>\n<div>&nbsp;<\/div>\n<div>Det hade jag i g\u00e5r =) Fr\u00e5n flera olika h\u00e5ll! Varmt TACK!!<\/div>\n<div>&nbsp;<\/div>\n<div>N\u00e4r dessa tankeperioder \u00e4r till \u00e4nda kommer jag ofta till insikt i st\u00f6rre utstr\u00e4ckning&nbsp;med vad jag vill, vem jag \u00e4r och som s\u00e5 m\u00e5nga g\u00e5nger f\u00f6rr s\u00e5 s\u00e5g jag mig i spegeln i morse, s\u00e5g p\u00e5 mitt tr\u00f6tta ansikte&#8230;. K\u00e4nde leendet och gl\u00e4djen komma \u00e4nda&nbsp;fr\u00e5n hj\u00e4rtat&#8230;<\/div>\n<div>&nbsp;<\/div>\n<div>Jag har kommit&nbsp;fram till att jag vill adoptera barn i framtiden&#8230;. Jag har ACCEPTERAT&nbsp;det! =)<\/div>\n<div>&nbsp;<\/div>\n<div>Jag vet inte mycket om adoption&#8230;. En nyfikenhet har v\u00e4ckts inom mig&#8230;. Tusen fr\u00e5gor finns!!&nbsp;Finns det n\u00e5gon h\u00e4r p\u00e5 bloggen som vet n\u00e5got om det?? All info tas emot med tacksamhet!!&nbsp;<\/div>\n","protected":false},"excerpt":{"rendered":"<p>Hej hopp \u00e4nglalock! Ytterligare en tankeperiod \u00e4r till \u00e4nda&#8230; Dessa perioder kan vara allt mellan n\u00e5gra timmar till 2 dagar&#8230;. Inneb\u00e4r ofta en stor m\u00e4ngd t\u00e5rar men ocks\u00e5 skratt&#8230; Telefonen s\u00e4tts ofta p\u00e5 ljudl\u00f6s f\u00f6r att jag ska f\u00e5 vara &hellip; <a href=\"https:\/\/blog.skruttet.com\/?p=416\">Forts\u00e4tt l\u00e4sa <span class=\"meta-nav\">&rarr;<\/span><\/a><\/p>\n","protected":false},"author":1,"featured_media":0,"comment_status":"open","ping_status":"open","sticky":false,"template":"","format":"standard","meta":[],"categories":[3,10],"tags":[],"_links":{"self":[{"href":"https:\/\/blog.skruttet.com\/index.php?rest_route=\/wp\/v2\/posts\/416"}],"collection":[{"href":"https:\/\/blog.skruttet.com\/index.php?rest_route=\/wp\/v2\/posts"}],"about":[{"href":"https:\/\/blog.skruttet.com\/index.php?rest_route=\/wp\/v2\/types\/post"}],"author":[{"embeddable":true,"href":"https:\/\/blog.skruttet.com\/index.php?rest_route=\/wp\/v2\/users\/1"}],"replies":[{"embeddable":true,"href":"https:\/\/blog.skruttet.com\/index.php?rest_route=%2Fwp%2Fv2%2Fcomments&post=416"}],"version-history":[{"count":0,"href":"https:\/\/blog.skruttet.com\/index.php?rest_route=\/wp\/v2\/posts\/416\/revisions"}],"wp:attachment":[{"href":"https:\/\/blog.skruttet.com\/index.php?rest_route=%2Fwp%2Fv2%2Fmedia&parent=416"}],"wp:term":[{"taxonomy":"category","embeddable":true,"href":"https:\/\/blog.skruttet.com\/index.php?rest_route=%2Fwp%2Fv2%2Fcategories&post=416"},{"taxonomy":"post_tag","embeddable":true,"href":"https:\/\/blog.skruttet.com\/index.php?rest_route=%2Fwp%2Fv2%2Ftags&post=416"}],"curies":[{"name":"wp","href":"https:\/\/api.w.org\/{rel}","templated":true}]}}