{"id":4163,"date":"2012-10-26T15:18:40","date_gmt":"2012-10-26T12:18:40","guid":{"rendered":"http:\/\/bloggen.fi\/skruttet\/?p=4163"},"modified":"2012-10-26T15:18:40","modified_gmt":"2012-10-26T12:18:40","slug":"att-gora-saker-i-tid","status":"publish","type":"post","link":"https:\/\/blog.skruttet.com\/?p=4163","title":{"rendered":"Inte f\u00f6rv\u00e5nad&#8230;"},"content":{"rendered":"<p>Under den g\u00e5ngna natten har marken t\u00e4kts av \u00e4nnu mera sn\u00f6. T\u00e4cket \u00e4r nu n\u00e5gra <a href=\"http:\/\/www.skruttet.com\/blog\/wp-content\/uploads\/2012\/10\/kallt_117459563.jpg\"><img loading=\"lazy\" class=\"alignright size-medium wp-image-4169\" src=\"http:\/\/www.skruttet.com\/blog\/wp-content\/uploads\/2012\/10\/kallt_117459563-228x300.jpg\" alt=\"\" width=\"228\" height=\"300\" srcset=\"https:\/\/blog.skruttet.com\/wp-content\/uploads\/2012\/10\/kallt_117459563-228x300.jpg 228w, https:\/\/blog.skruttet.com\/wp-content\/uploads\/2012\/10\/kallt_117459563.jpg 267w\" sizes=\"(max-width: 228px) 100vw, 228px\" \/><\/a>centimeter tjockt. Varje \u00e5r \u00e4r det samma visa n\u00e4r folket vaknar och sommard\u00e4cken fortfarande ligger p\u00e5.<\/p>\n<p>Handfallet och chockat ser folket ut p\u00e5 det vita och snabbt som \u00f6gat \u00e4r man ute p\u00e5 n\u00e4tet med en uppdaterad status: Va?? Blev det vinter i \u00e5r ocks\u00e5?? Det kunde man v\u00e4l aldrig tro!<br \/>\nS\u00e5 kanas det till jobb eller annat i snigelfart. \u00a0V\u00e4l framme pustar man, kommenterar f\u00f6ret och gl\u00e4ds \u00f6ver lyckan \u00f6ver att ta sig v\u00e4lbeh\u00e5llen\u00a0fr\u00e5n punkt A till punkt B med lilla p\u00e4rlan i skick.<\/p>\n<p>Men stressen blir ett faktum: Vinterd\u00e4cken m\u00e5ste p\u00e5!<\/p>\n<p>Det vita t\u00e4cket tycks \u00e4ven ha en f\u00f6rm\u00e5ga att f\u00f6ra m\u00e4nniskans tankar till jul och klappar.<br \/>\nI aff\u00e4rerna plockas det fram julpapper och dekorationer i alla t\u00e4nkbara f\u00e4rger.<br \/>\nSnart dyker julreklamen upp, vi uppmanas k\u00f6pa och f\u00f6rs\u00e4ljningen av choklad n\u00e5r f\u00f6rmodligen sitt klimax. Och nog m\u00e5ste man v\u00e4l st\u00e4da alla sk\u00e5p och skrubbar??<br \/>\nOch baka, och, och&#8230;<\/p>\n<p>L\u00e4ste n\u00e5gonstans att utbr\u00e4ndheten \u00f6kar i samh\u00e4llet. Stress likas\u00e5.\u00a0St\u00e4ndigt finns m\u00e5sten och st\u00e4ndigt finns krav. Kravet att \u00e5stadkomma, att hinna, att vara b\u00e4ttre och st\u00e4ndigt ligga p\u00e5 topp!<\/p>\n<p>S\u00e5 jag \u00e4r inte f\u00f6rv\u00e5nad!<\/p>\n","protected":false},"excerpt":{"rendered":"<p>Under den g\u00e5ngna natten har marken t\u00e4kts av \u00e4nnu mera sn\u00f6. T\u00e4cket \u00e4r nu n\u00e5gra centimeter tjockt. Varje \u00e5r \u00e4r det samma visa n\u00e4r folket vaknar och sommard\u00e4cken fortfarande ligger p\u00e5. Handfallet och chockat ser folket ut p\u00e5 det vita &hellip; <a href=\"https:\/\/blog.skruttet.com\/?p=4163\">Forts\u00e4tt l\u00e4sa <span class=\"meta-nav\">&rarr;<\/span><\/a><\/p>\n","protected":false},"author":1,"featured_media":0,"comment_status":"open","ping_status":"closed","sticky":false,"template":"","format":"standard","meta":[],"categories":[16],"tags":[],"_links":{"self":[{"href":"https:\/\/blog.skruttet.com\/index.php?rest_route=\/wp\/v2\/posts\/4163"}],"collection":[{"href":"https:\/\/blog.skruttet.com\/index.php?rest_route=\/wp\/v2\/posts"}],"about":[{"href":"https:\/\/blog.skruttet.com\/index.php?rest_route=\/wp\/v2\/types\/post"}],"author":[{"embeddable":true,"href":"https:\/\/blog.skruttet.com\/index.php?rest_route=\/wp\/v2\/users\/1"}],"replies":[{"embeddable":true,"href":"https:\/\/blog.skruttet.com\/index.php?rest_route=%2Fwp%2Fv2%2Fcomments&post=4163"}],"version-history":[{"count":0,"href":"https:\/\/blog.skruttet.com\/index.php?rest_route=\/wp\/v2\/posts\/4163\/revisions"}],"wp:attachment":[{"href":"https:\/\/blog.skruttet.com\/index.php?rest_route=%2Fwp%2Fv2%2Fmedia&parent=4163"}],"wp:term":[{"taxonomy":"category","embeddable":true,"href":"https:\/\/blog.skruttet.com\/index.php?rest_route=%2Fwp%2Fv2%2Fcategories&post=4163"},{"taxonomy":"post_tag","embeddable":true,"href":"https:\/\/blog.skruttet.com\/index.php?rest_route=%2Fwp%2Fv2%2Ftags&post=4163"}],"curies":[{"name":"wp","href":"https:\/\/api.w.org\/{rel}","templated":true}]}}