{"id":4178,"date":"2012-10-28T18:13:41","date_gmt":"2012-10-28T16:13:41","guid":{"rendered":"http:\/\/bloggen.fi\/skruttet\/?p=4178"},"modified":"2012-10-28T18:13:41","modified_gmt":"2012-10-28T16:13:41","slug":"langtansdagar","status":"publish","type":"post","link":"https:\/\/blog.skruttet.com\/?p=4178","title":{"rendered":"L\u00e4ngtansdagar&#8230;."},"content":{"rendered":"<p>S\u00f6ndag.<br \/>\nK\u00e4nner mig vissen i dag och hum\u00f6ret \u00e4r inte alls gott.<br \/>\nHar haft n\u00e5gra l\u00e4ngtans dagar. Dagar n\u00e4r l\u00e4ngtan efter en liten \u00e4ngel k\u00e4nns mer.<br \/>\nDagar n\u00e4r l\u00e4ngtan till mitt ursprung g\u00f6r sig mer p\u00e5mind.<\/p>\n<p>Dagar med en innerlig l\u00e4ngtan efter att kunna skotta sn\u00f6 eller dammsuga.<br \/>\nOch likas\u00e5 en l\u00e4ngtan efter att hitta ett bra s\u00e4tt att oms\u00e4tta allt det jag b\u00e4r p\u00e5.<br \/>\nF\u00f6r tillf\u00e4llet k\u00e4nns den kunskapen v\u00e4ldigt on\u00f6dig.<\/p>\n<p>Just i dag k\u00e4nns det som livet och och dess brodyr gjort mig mycket \u00e4ldre \u00e4n vad jag \u00e4r.<br \/>\nOr\u00f6rligheten jag nu upplever isolerar mig nog avsev\u00e4rt och det skapar bekanta k\u00e4nslor i form av flashbacks fr\u00e5n tiden d\u00e5 den eldsprutande draken var min st\u00e4ndiga f\u00f6ljeslagare.<\/p>\n<p>L\u00e4ngtan \u00e4r enorm till kommande torsdags gipsborttag med p\u00e5f\u00f6ljande r\u00f6ntgen av den senaste finheten. Inkommande torsdag \u00e4r ju n\u00e4ra &#8211; d\u00e5 \u00e4r det ju snart \u00f6ver.<br \/>\nKanske n\u00e5gon t\u00e4nker. \u00a0Men nej sn\u00e4lla ni: Det \u00e4r nu h\u00e5rdtr\u00e4ningen <strong>b\u00f6rjar<\/strong>!<\/p>\n<p>Orka, orka!! Hj\u00e4lp mig orka!!<\/p>\n<p>P.S \u00a0<strong>Gl\u00f6m aldrig<\/strong> att uppskatta livet: Var glad att du \u00e4r frisk!! D.S<\/p>\n","protected":false},"excerpt":{"rendered":"<p>S\u00f6ndag. K\u00e4nner mig vissen i dag och hum\u00f6ret \u00e4r inte alls gott. Har haft n\u00e5gra l\u00e4ngtans dagar. Dagar n\u00e4r l\u00e4ngtan efter en liten \u00e4ngel k\u00e4nns mer. Dagar n\u00e4r l\u00e4ngtan till mitt ursprung g\u00f6r sig mer p\u00e5mind. Dagar med en innerlig &hellip; <a href=\"https:\/\/blog.skruttet.com\/?p=4178\">Forts\u00e4tt l\u00e4sa <span class=\"meta-nav\">&rarr;<\/span><\/a><\/p>\n","protected":false},"author":1,"featured_media":0,"comment_status":"open","ping_status":"closed","sticky":false,"template":"","format":"standard","meta":[],"categories":[7,14,16],"tags":[],"_links":{"self":[{"href":"https:\/\/blog.skruttet.com\/index.php?rest_route=\/wp\/v2\/posts\/4178"}],"collection":[{"href":"https:\/\/blog.skruttet.com\/index.php?rest_route=\/wp\/v2\/posts"}],"about":[{"href":"https:\/\/blog.skruttet.com\/index.php?rest_route=\/wp\/v2\/types\/post"}],"author":[{"embeddable":true,"href":"https:\/\/blog.skruttet.com\/index.php?rest_route=\/wp\/v2\/users\/1"}],"replies":[{"embeddable":true,"href":"https:\/\/blog.skruttet.com\/index.php?rest_route=%2Fwp%2Fv2%2Fcomments&post=4178"}],"version-history":[{"count":0,"href":"https:\/\/blog.skruttet.com\/index.php?rest_route=\/wp\/v2\/posts\/4178\/revisions"}],"wp:attachment":[{"href":"https:\/\/blog.skruttet.com\/index.php?rest_route=%2Fwp%2Fv2%2Fmedia&parent=4178"}],"wp:term":[{"taxonomy":"category","embeddable":true,"href":"https:\/\/blog.skruttet.com\/index.php?rest_route=%2Fwp%2Fv2%2Fcategories&post=4178"},{"taxonomy":"post_tag","embeddable":true,"href":"https:\/\/blog.skruttet.com\/index.php?rest_route=%2Fwp%2Fv2%2Ftags&post=4178"}],"curies":[{"name":"wp","href":"https:\/\/api.w.org\/{rel}","templated":true}]}}