{"id":418,"date":"2007-10-19T20:00:30","date_gmt":"2007-10-19T18:00:30","guid":{"rendered":"http:\/\/sov-gott-lilla-"},"modified":"2007-10-19T20:00:30","modified_gmt":"2007-10-19T18:00:30","slug":"sov-gott-lilla-anglabarn","status":"publish","type":"post","link":"https:\/\/blog.skruttet.com\/?p=418","title":{"rendered":"Sov gott lilla \u00e4nglabarn&#8230;.."},"content":{"rendered":"<p><a href=\"http:\/\/bilder.bloggen.fi\/skruttet\/\u00e4nglabarn.jpg\"><img src=\"http:\/\/bilder.bloggen.fi\/skruttet\/thumb_\u00e4nglabarn.jpg\" align=\"right\" border=\"0\"><\/a><a href=\"http:\/\/bilder.bloggen.fi\/skruttet\/print_Resting_Place.jpg\"><\/a><\/p>\n<div>Ja oj&#8230;. Jag vill bara s\u00e4ga:<br \/>Vilken underbar dag jag har haft i dag! Inte ett moln p\u00e5 min \u00e4nglahimmel s\u00e5 l\u00e5ngt \u00f6gat kunnat n\u00e5&#8230;. Att jag blir tvungen att \u00e4ta en antibiotika kur till f\u00f6r min sega f\u00f6rkylning var ju lite on\u00f6digt f\u00f6rst\u00e5ss&#8230; Men det \u00e4r bara n\u00e5gra dagar s\u00e5 \u00e4r den till \u00e4nda. =)<\/div>\n<div>&nbsp;<\/div>\n<div>Mitt hj\u00e4rta \u00e4r forfarande varmt efter m\u00f6tet i dag&#8230;. M\u00f6tet med det \u00e4lskade barn jag inte har tr\u00e4ffat p\u00e5 l\u00e4nge&#8230; M\u00f6tet med min gudson&#8230;.<\/div>\n<div>Att se honom leka och sitta i leksaksbilen och styra f\u00f6r brinnk\u00e4ra livet&#8230;. Att se honom le n\u00e4r han s\u00e5g att jag fanns d\u00e4r&#8230; Att se dessa armar utstr\u00e4kta d\u00e5 jag fick en kram&#8230;. Det v\u00e4rmer mitt \u00e4nglahj\u00e4rta s\u00e5!!!! =)<\/div>\n<div>&nbsp;<\/div>\n<div>Jag hoppas att tusen \u00e4nglar vakar \u00f6ver honom&#8230;. S\u00e5 att han tryggt och s\u00e4kert kan utforska alla sp\u00e4nnande saker i livet! Leka, l\u00e4ra och skojiga saker komma p\u00e5&#8230;<\/div>\n<div>Sov gott lilla \u00e4nglabarn;<\/div>\n<div>Gudmor \u00e4lskar dig!!!<\/div>\n<div>\u00c4nglakramar!!<\/div>\n<div>&nbsp;&nbsp;<\/div>\n","protected":false},"excerpt":{"rendered":"<p>Ja oj&#8230;. Jag vill bara s\u00e4ga:Vilken underbar dag jag har haft i dag! Inte ett moln p\u00e5 min \u00e4nglahimmel s\u00e5 l\u00e5ngt \u00f6gat kunnat n\u00e5&#8230;. Att jag blir tvungen att \u00e4ta en antibiotika kur till f\u00f6r min sega f\u00f6rkylning var ju &hellip; <a href=\"https:\/\/blog.skruttet.com\/?p=418\">Forts\u00e4tt l\u00e4sa <span class=\"meta-nav\">&rarr;<\/span><\/a><\/p>\n","protected":false},"author":1,"featured_media":0,"comment_status":"open","ping_status":"open","sticky":false,"template":"","format":"standard","meta":[],"categories":[9],"tags":[],"_links":{"self":[{"href":"https:\/\/blog.skruttet.com\/index.php?rest_route=\/wp\/v2\/posts\/418"}],"collection":[{"href":"https:\/\/blog.skruttet.com\/index.php?rest_route=\/wp\/v2\/posts"}],"about":[{"href":"https:\/\/blog.skruttet.com\/index.php?rest_route=\/wp\/v2\/types\/post"}],"author":[{"embeddable":true,"href":"https:\/\/blog.skruttet.com\/index.php?rest_route=\/wp\/v2\/users\/1"}],"replies":[{"embeddable":true,"href":"https:\/\/blog.skruttet.com\/index.php?rest_route=%2Fwp%2Fv2%2Fcomments&post=418"}],"version-history":[{"count":0,"href":"https:\/\/blog.skruttet.com\/index.php?rest_route=\/wp\/v2\/posts\/418\/revisions"}],"wp:attachment":[{"href":"https:\/\/blog.skruttet.com\/index.php?rest_route=%2Fwp%2Fv2%2Fmedia&parent=418"}],"wp:term":[{"taxonomy":"category","embeddable":true,"href":"https:\/\/blog.skruttet.com\/index.php?rest_route=%2Fwp%2Fv2%2Fcategories&post=418"},{"taxonomy":"post_tag","embeddable":true,"href":"https:\/\/blog.skruttet.com\/index.php?rest_route=%2Fwp%2Fv2%2Ftags&post=418"}],"curies":[{"name":"wp","href":"https:\/\/api.w.org\/{rel}","templated":true}]}}