{"id":4236,"date":"2012-11-08T11:55:50","date_gmt":"2012-11-08T09:55:50","guid":{"rendered":"http:\/\/bloggen.fi\/skruttet\/?p=4236"},"modified":"2012-11-08T11:55:50","modified_gmt":"2012-11-08T09:55:50","slug":"du-jag-gillar-dig","status":"publish","type":"post","link":"https:\/\/blog.skruttet.com\/?p=4236","title":{"rendered":"&#8221;Du, jag gillar dig!&#8221;"},"content":{"rendered":"<p>F\u00f6r n\u00e5gon dag sedan var marken gr\u00f6n efter plusgrader gjort som den f\u00f6rsta sn\u00f6n till vatten. Nu har ett vitt, tunt\u00a0puder \u00e5terkommit och gett v\u00e4rlden utanf\u00f6r mitt f\u00f6nster en ny skepnad.\u00a0Solens f\u00f6rsiktiga str\u00e5lar g\u00f6r utsikten gripande och som s\u00e5 m\u00e5nga g\u00e5nger f\u00f6rr sl\u00e5s jag av hur \u00a0fantastiskt vacker naturlig sk\u00f6nhet \u00e4r. I alla l\u00e4gen.\u00a0S\u00e5v\u00e4l i \u00e5rstider som hos oss m\u00e4nniskor.<\/p>\n<p><a href=\"http:\/\/www.skruttet.com\/blog\/wp-content\/uploads\/2012\/11\/sun-in-hand1.jpg\"><img loading=\"lazy\" class=\"alignright size-full wp-image-4238\" src=\"http:\/\/www.skruttet.com\/blog\/wp-content\/uploads\/2012\/11\/sun-in-hand1.jpg\" alt=\"\" width=\"200\" height=\"149\" \/><\/a>Fingrarna dansar \u00f6ver tangentbordet, ett ordfl\u00f6de skapas, utan n\u00e5gon som helst tanke p\u00e5 formulering eller stavning. \u00a0Jag nynnar med i bekanta toner samtidigt som\u00a0det k\u00f6rsb\u00e4rsdoftande ljuset drar sina sista suckar bredvid mig. Och ett nytt med annan doft finns redo.<br \/>\nMin ljusf\u00f6rbrukning under ett \u00e5r \u00e4r ofantligt stor och jag v\u00e5gar inte ens t\u00e4nka p\u00e5 vad det blir i pengar per \u00e5r. Massor s\u00e4kert! Men det k\u00e4nns oviktigt i sammanhanget. \ud83d\ude09<\/p>\n<p>Under dagen \u00e4r det dags f\u00f6r ett lett tr\u00e4ningspass. Veckans andra. Jag missade kv\u00e4llsdosen av v\u00e4rkmedicinen vid l\u00e4ggdags i g\u00e5r. Det vill jag inte g\u00f6ra om! F\u00f6r natten har inneh\u00e5llit m\u00e5nga uppvaknanden. Vad l\u00e4r vi oss av detta d\u00e5? Jo, att det \u00e4r f\u00f6r tidigt att sluta med v\u00e4rkmedicinen \u00e4n. Detta trots att 9 veckor har passerat sedan finhet nummer 2 s\u00e5g dagens ljus. Men allt ska ha sin tid heter det ju och just i dag k\u00e4nns det helt ok att vara i den sits jag befinner mig i.<\/p>\n<p>Och p\u00e5 tal om tid s\u00e5 b\u00f6rjar det bli tid f\u00f6r att fixa lunch nu s\u00e5:<br \/>\nHa en fortsatt fin torsdag och gl\u00f6m inte att s\u00e4ga &#8221;Du, jag gillar dig!&#8221;\u00a0\u00e5t en v\u00e4n.<br \/>\nDet \u00e4r alltid viktigt att visa uppskattning! S\u00e5 det g\u00f6r vi lite extra dag tycker jag. \ud83d\ude42<\/p>\n<p>\u00c4nglakramar!!<\/p>\n<p>&nbsp;<\/p>\n","protected":false},"excerpt":{"rendered":"<p>F\u00f6r n\u00e5gon dag sedan var marken gr\u00f6n efter plusgrader gjort som den f\u00f6rsta sn\u00f6n till vatten. Nu har ett vitt, tunt\u00a0puder \u00e5terkommit och gett v\u00e4rlden utanf\u00f6r mitt f\u00f6nster en ny skepnad.\u00a0Solens f\u00f6rsiktiga str\u00e5lar g\u00f6r utsikten gripande och som s\u00e5 m\u00e5nga &hellip; <a href=\"https:\/\/blog.skruttet.com\/?p=4236\">Forts\u00e4tt l\u00e4sa <span class=\"meta-nav\">&rarr;<\/span><\/a><\/p>\n","protected":false},"author":1,"featured_media":0,"comment_status":"open","ping_status":"closed","sticky":false,"template":"","format":"standard","meta":[],"categories":[7,10,16],"tags":[],"_links":{"self":[{"href":"https:\/\/blog.skruttet.com\/index.php?rest_route=\/wp\/v2\/posts\/4236"}],"collection":[{"href":"https:\/\/blog.skruttet.com\/index.php?rest_route=\/wp\/v2\/posts"}],"about":[{"href":"https:\/\/blog.skruttet.com\/index.php?rest_route=\/wp\/v2\/types\/post"}],"author":[{"embeddable":true,"href":"https:\/\/blog.skruttet.com\/index.php?rest_route=\/wp\/v2\/users\/1"}],"replies":[{"embeddable":true,"href":"https:\/\/blog.skruttet.com\/index.php?rest_route=%2Fwp%2Fv2%2Fcomments&post=4236"}],"version-history":[{"count":0,"href":"https:\/\/blog.skruttet.com\/index.php?rest_route=\/wp\/v2\/posts\/4236\/revisions"}],"wp:attachment":[{"href":"https:\/\/blog.skruttet.com\/index.php?rest_route=%2Fwp%2Fv2%2Fmedia&parent=4236"}],"wp:term":[{"taxonomy":"category","embeddable":true,"href":"https:\/\/blog.skruttet.com\/index.php?rest_route=%2Fwp%2Fv2%2Fcategories&post=4236"},{"taxonomy":"post_tag","embeddable":true,"href":"https:\/\/blog.skruttet.com\/index.php?rest_route=%2Fwp%2Fv2%2Ftags&post=4236"}],"curies":[{"name":"wp","href":"https:\/\/api.w.org\/{rel}","templated":true}]}}