{"id":4261,"date":"2012-11-11T19:59:30","date_gmt":"2012-11-11T17:59:30","guid":{"rendered":"http:\/\/bloggen.fi\/skruttet\/?p=4261"},"modified":"2012-11-11T19:59:30","modified_gmt":"2012-11-11T17:59:30","slug":"alla-faders-dag","status":"publish","type":"post","link":"https:\/\/blog.skruttet.com\/?p=4261","title":{"rendered":"Alla f\u00e4ders dag!"},"content":{"rendered":"<p><a href=\"http:\/\/www.skruttet.com\/blog\/wp-content\/uploads\/2012\/11\/farsdagskriva-1024x754.jpg\"><img loading=\"lazy\" class=\"alignright size-medium wp-image-4262\" src=\"http:\/\/www.skruttet.com\/blog\/wp-content\/uploads\/2012\/11\/farsdagskriva-1024x754-300x220.jpg\" alt=\"\" width=\"300\" height=\"220\" srcset=\"https:\/\/blog.skruttet.com\/wp-content\/uploads\/2012\/11\/farsdagskriva-1024x754-300x220.jpg 300w, https:\/\/blog.skruttet.com\/wp-content\/uploads\/2012\/11\/farsdagskriva-1024x754-407x300.jpg 407w, https:\/\/blog.skruttet.com\/wp-content\/uploads\/2012\/11\/farsdagskriva-1024x754.jpg 1024w\" sizes=\"(max-width: 300px) 100vw, 300px\" \/><\/a>I dag vajar flaggor f\u00f6r alla f\u00e4der!<\/p>\n<p>En del firar sin f\u00f6rsta dag som fader och andra kanske firar sin f\u00f6rsta som mor- eller farf\u00f6r\u00e4lder. Vi har varit p\u00e5 uppvaktning och h\u00e4r hemma kommer vi att uppm\u00e4rksamma dagen med lite glass till kv\u00e4llskaffet.<\/p>\n<p>F\u00f6r oss k\u00e4nns det sj\u00e4lvklart att g\u00f6ra det. Detta trots att vi inte har blivit f\u00f6r\u00e4ldrar och trots att vi \u00e4nnu inte vet n\u00e5got mera om processen. Men den lilla handens resa och v\u00e4ntan i och med den har blivit s\u00e5 en naturlig del av v\u00e5rt liv. S\u00e5 p\u00e5 n\u00e5got s\u00e4tt finner det sig lika naturligt att uppm\u00e4rksamma dessa speciella dagar lite, i all enkelhet, f\u00f6r v\u00e5r egen del ocks\u00e5. F\u00f6r &lt;3-\u00c4ngeln kommer ju att bli v\u00e4rldens b\u00e4sta pappa den dagen det \u00e4r dags!! \ud83d\ude42<\/p>\n<p>\u00c4nglakramar!!<\/p>\n","protected":false},"excerpt":{"rendered":"<p>I dag vajar flaggor f\u00f6r alla f\u00e4der! En del firar sin f\u00f6rsta dag som fader och andra kanske firar sin f\u00f6rsta som mor- eller farf\u00f6r\u00e4lder. Vi har varit p\u00e5 uppvaktning och h\u00e4r hemma kommer vi att uppm\u00e4rksamma dagen med lite &hellip; <a href=\"https:\/\/blog.skruttet.com\/?p=4261\">Forts\u00e4tt l\u00e4sa <span class=\"meta-nav\">&rarr;<\/span><\/a><\/p>\n","protected":false},"author":1,"featured_media":0,"comment_status":"open","ping_status":"closed","sticky":false,"template":"","format":"standard","meta":[],"categories":[3],"tags":[],"_links":{"self":[{"href":"https:\/\/blog.skruttet.com\/index.php?rest_route=\/wp\/v2\/posts\/4261"}],"collection":[{"href":"https:\/\/blog.skruttet.com\/index.php?rest_route=\/wp\/v2\/posts"}],"about":[{"href":"https:\/\/blog.skruttet.com\/index.php?rest_route=\/wp\/v2\/types\/post"}],"author":[{"embeddable":true,"href":"https:\/\/blog.skruttet.com\/index.php?rest_route=\/wp\/v2\/users\/1"}],"replies":[{"embeddable":true,"href":"https:\/\/blog.skruttet.com\/index.php?rest_route=%2Fwp%2Fv2%2Fcomments&post=4261"}],"version-history":[{"count":0,"href":"https:\/\/blog.skruttet.com\/index.php?rest_route=\/wp\/v2\/posts\/4261\/revisions"}],"wp:attachment":[{"href":"https:\/\/blog.skruttet.com\/index.php?rest_route=%2Fwp%2Fv2%2Fmedia&parent=4261"}],"wp:term":[{"taxonomy":"category","embeddable":true,"href":"https:\/\/blog.skruttet.com\/index.php?rest_route=%2Fwp%2Fv2%2Fcategories&post=4261"},{"taxonomy":"post_tag","embeddable":true,"href":"https:\/\/blog.skruttet.com\/index.php?rest_route=%2Fwp%2Fv2%2Ftags&post=4261"}],"curies":[{"name":"wp","href":"https:\/\/api.w.org\/{rel}","templated":true}]}}