{"id":4271,"date":"2012-11-12T15:24:48","date_gmt":"2012-11-12T13:24:48","guid":{"rendered":"http:\/\/bloggen.fi\/skruttet\/?p=4271"},"modified":"2012-11-12T15:24:48","modified_gmt":"2012-11-12T13:24:48","slug":"sloheten-sjalv","status":"publish","type":"post","link":"https:\/\/blog.skruttet.com\/?p=4271","title":{"rendered":"Sl\u00f6heten sj\u00e4lv&#8230;"},"content":{"rendered":"<p><a href=\"http:\/\/www.skruttet.com\/blog\/wp-content\/uploads\/2012\/11\/SmileySovKudd.gif\"><img loading=\"lazy\" class=\"alignright size-full wp-image-4272\" src=\"http:\/\/www.skruttet.com\/blog\/wp-content\/uploads\/2012\/11\/SmileySovKudd.gif\" alt=\"\" width=\"193\" height=\"188\" \/><\/a>En gr\u00e5mulen m\u00e5ndag i dag.<\/p>\n<p>Gr\u00e4smattan lyser \u00e4nnu en g\u00e5ng gr\u00f6nare \u00e4n gr\u00f6nast och ingen sn\u00f6 syns s\u00e5 l\u00e5ngt \u00f6gat kan n\u00e5.\u00a0Hum\u00f6ret \u00e4r gott men dagens v\u00e4der g\u00f6r mig sl\u00f6.\u00a0Jag f\u00f6rs\u00f6ker pigga upp mig genom att elda ett ljus med en doft av, vad jag tror, ska f\u00f6rest\u00e4lla k\u00f6rsb\u00e4rsblomma.<\/p>\n<p>Det lyckas v\u00e4l sis\u00e5d\u00e4r kan jag villigt medge.<\/p>\n<p>Finheten ger sig till k\u00e4nna efter g\u00e5rdagens egna tr\u00e4ning. D\u00e5 l\u00e4mnade vi \u00e5ket p\u00e5 hjul hemma och tillsammans med Darth Vader st\u00f6veln och &lt;3-\u00c4ngeln\u00a0bar det ut p\u00e5 vift med mina v\u00e4nner kryckorna som st\u00f6d. Det k\u00e4nns s\u00e5 bra att \u00e5terh\u00e4mtningen g\u00e5r fortare nu \u00e4n <a href=\"http:\/\/bloggen.fi\/skruttet\/2012\/03\/10\/dags-for-festival-final\/\" target=\"_blank\">f\u00f6rra g\u00e5ngen.<\/a>\u00a0Jag beh\u00f6ver det! Och jag f\u00f6rs\u00f6ker minnas att njuta ocks\u00e5. \ud83d\ude42<\/p>\n<p>Nu beg\u00e4r finheten vila i h\u00f6gl\u00e4ge och d\u00e5 \u00e4r det v\u00e4l bara att lyda! \ud83d\ude09<br \/>\nGissar att jag somnar p\u00e5 mindre \u00e4n fem minuter s\u00e5 nu bl\u00e5ser jag ut ljuset och tackar f\u00f6r mig f\u00f6r denh\u00e4r g\u00e5ngen.<\/p>\n<p>\u00c4nglakramar!!<\/p>\n","protected":false},"excerpt":{"rendered":"<p>En gr\u00e5mulen m\u00e5ndag i dag. Gr\u00e4smattan lyser \u00e4nnu en g\u00e5ng gr\u00f6nare \u00e4n gr\u00f6nast och ingen sn\u00f6 syns s\u00e5 l\u00e5ngt \u00f6gat kan n\u00e5.\u00a0Hum\u00f6ret \u00e4r gott men dagens v\u00e4der g\u00f6r mig sl\u00f6.\u00a0Jag f\u00f6rs\u00f6ker pigga upp mig genom att elda ett ljus med &hellip; <a href=\"https:\/\/blog.skruttet.com\/?p=4271\">Forts\u00e4tt l\u00e4sa <span class=\"meta-nav\">&rarr;<\/span><\/a><\/p>\n","protected":false},"author":1,"featured_media":0,"comment_status":"open","ping_status":"closed","sticky":false,"template":"","format":"standard","meta":[],"categories":[7,16],"tags":[],"_links":{"self":[{"href":"https:\/\/blog.skruttet.com\/index.php?rest_route=\/wp\/v2\/posts\/4271"}],"collection":[{"href":"https:\/\/blog.skruttet.com\/index.php?rest_route=\/wp\/v2\/posts"}],"about":[{"href":"https:\/\/blog.skruttet.com\/index.php?rest_route=\/wp\/v2\/types\/post"}],"author":[{"embeddable":true,"href":"https:\/\/blog.skruttet.com\/index.php?rest_route=\/wp\/v2\/users\/1"}],"replies":[{"embeddable":true,"href":"https:\/\/blog.skruttet.com\/index.php?rest_route=%2Fwp%2Fv2%2Fcomments&post=4271"}],"version-history":[{"count":0,"href":"https:\/\/blog.skruttet.com\/index.php?rest_route=\/wp\/v2\/posts\/4271\/revisions"}],"wp:attachment":[{"href":"https:\/\/blog.skruttet.com\/index.php?rest_route=%2Fwp%2Fv2%2Fmedia&parent=4271"}],"wp:term":[{"taxonomy":"category","embeddable":true,"href":"https:\/\/blog.skruttet.com\/index.php?rest_route=%2Fwp%2Fv2%2Fcategories&post=4271"},{"taxonomy":"post_tag","embeddable":true,"href":"https:\/\/blog.skruttet.com\/index.php?rest_route=%2Fwp%2Fv2%2Ftags&post=4271"}],"curies":[{"name":"wp","href":"https:\/\/api.w.org\/{rel}","templated":true}]}}