{"id":432,"date":"2007-11-08T16:49:25","date_gmt":"2007-11-08T14:49:25","guid":{"rendered":"http:\/\/bloggen.fi\/skruttet\/2007\/11\/08\/aver-den-brackliga-bron\/"},"modified":"2007-11-08T16:49:25","modified_gmt":"2007-11-08T14:49:25","slug":"aver-den-brackliga-bron","status":"publish","type":"post","link":"https:\/\/blog.skruttet.com\/?p=432","title":{"rendered":"\u00d6ver den br\u00e4ckliga bron&#8230;.."},"content":{"rendered":"<p><a href=\"http:\/\/bilder.bloggen.fi\/skruttet\/himmlaport.JPG\"><img src=\"http:\/\/bilder.bloggen.fi\/skruttet\/thumb_himmlaport.JPG\" align=\"right\" border=\"0\"><\/a><\/p>\n<div>Bl\u00e4ddrade bland mina dikter&#8230;.. Denna finns fr\u00e5n f\u00f6rr p\u00e5 min blogg, men vill l\u00e4gga den i alla fall&#8230; Minns den hoppl\u00f6sa k\u00e4nsla jag hade n\u00e4r jag skrev den&#8230;..<\/div>\n<div>&nbsp;<\/div>\n<div class=\"MsoNormal\"><span lang=\"SV-FI\"><b>I \u00c4ngelns rike<br \/><\/b><br \/>I \u00e4ngelns rike skrattar jag!<\/span><\/div>\n<p class=\"MsoNormal\"><span lang=\"SV-FI\">I \u00e4ngelns rike springer jag!<\/span><\/p>\n<p class=\"MsoNormal\"><span lang=\"SV-FI\">I \u00e4ngelns rike \u00e4r jag sm\u00e4rtfri!<\/span><\/p>\n<p class=\"MsoNormal\"><span lang=\"SV-FI\">I \u00e4ngelns rike \u00e4r jag full av liv!<\/span><\/p>\n<p class=\"MsoNormal\"><span lang=\"SV-FI\">I \u00e4ngelns rike bor m\u00e4nniskor jag tycker om!<\/span><\/p>\n<p class=\"MsoNormal\"><span lang=\"SV-FI\">&nbsp;<\/span><\/p>\n<p class=\"MsoNormal\"><span lang=\"SV-FI\">Till \u00e4ngelns rike vill jag komma<\/span><\/p>\n<div class=\"MsoNormal\"><span lang=\"SV-FI\">I \u00e4ngelns rike vill jag bo!<\/span><\/p>\n<div>&nbsp;<\/div>\n<div>( Skruttet 5.1.07 )<\/div>\n<div>&nbsp;<\/div>\n<div>***********************************************************<\/div>\n<div>Ja, NU har jag tagit mig \u00f6ver den br\u00e4ckliga bron till \u00e4ngelns rike&#8230;.. *HURRA!!!*<\/div>\n<div>I \u00e4ngelns rike&nbsp;vill&nbsp;jag stanna!!! =)<\/div>\n<div>&nbsp;<\/div>\n<div>Famnen full med \u00c4nglakramar!!<\/div>\n<\/div>\n","protected":false},"excerpt":{"rendered":"<p>Bl\u00e4ddrade bland mina dikter&#8230;.. Denna finns fr\u00e5n f\u00f6rr p\u00e5 min blogg, men vill l\u00e4gga den i alla fall&#8230; Minns den hoppl\u00f6sa k\u00e4nsla jag hade n\u00e4r jag skrev den&#8230;.. &nbsp; I \u00c4ngelns rikeI \u00e4ngelns rike skrattar jag! I \u00e4ngelns rike springer &hellip; <a href=\"https:\/\/blog.skruttet.com\/?p=432\">Forts\u00e4tt l\u00e4sa <span class=\"meta-nav\">&rarr;<\/span><\/a><\/p>\n","protected":false},"author":1,"featured_media":0,"comment_status":"open","ping_status":"open","sticky":false,"template":"","format":"standard","meta":[],"categories":[9],"tags":[],"_links":{"self":[{"href":"https:\/\/blog.skruttet.com\/index.php?rest_route=\/wp\/v2\/posts\/432"}],"collection":[{"href":"https:\/\/blog.skruttet.com\/index.php?rest_route=\/wp\/v2\/posts"}],"about":[{"href":"https:\/\/blog.skruttet.com\/index.php?rest_route=\/wp\/v2\/types\/post"}],"author":[{"embeddable":true,"href":"https:\/\/blog.skruttet.com\/index.php?rest_route=\/wp\/v2\/users\/1"}],"replies":[{"embeddable":true,"href":"https:\/\/blog.skruttet.com\/index.php?rest_route=%2Fwp%2Fv2%2Fcomments&post=432"}],"version-history":[{"count":0,"href":"https:\/\/blog.skruttet.com\/index.php?rest_route=\/wp\/v2\/posts\/432\/revisions"}],"wp:attachment":[{"href":"https:\/\/blog.skruttet.com\/index.php?rest_route=%2Fwp%2Fv2%2Fmedia&parent=432"}],"wp:term":[{"taxonomy":"category","embeddable":true,"href":"https:\/\/blog.skruttet.com\/index.php?rest_route=%2Fwp%2Fv2%2Fcategories&post=432"},{"taxonomy":"post_tag","embeddable":true,"href":"https:\/\/blog.skruttet.com\/index.php?rest_route=%2Fwp%2Fv2%2Ftags&post=432"}],"curies":[{"name":"wp","href":"https:\/\/api.w.org\/{rel}","templated":true}]}}