{"id":438,"date":"2007-11-22T00:33:34","date_gmt":"2007-11-21T22:33:34","guid":{"rendered":"http:\/\/hoppet-och-tron-finns"},"modified":"2007-11-22T00:33:34","modified_gmt":"2007-11-21T22:33:34","slug":"hoppet-och-tron-finns","status":"publish","type":"post","link":"https:\/\/blog.skruttet.com\/?p=438","title":{"rendered":"Hoppet och tron finns!!"},"content":{"rendered":"<p><a href=\"http:\/\/bilder.bloggen.fi\/skruttet\/handpp\u00e5hand.jpg\"><img src=\"http:\/\/bilder.bloggen.fi\/skruttet\/thumb_handpp\u00e5hand.jpg\" align=\"right\" border=\"0\"><\/a><\/p>\n<div>Godkv\u00e4ll alla \u00e4nglar!!<\/div>\n<div>Har suttit och letat och l\u00e4st om adoption&#8230;. Jag blev b\u00e5de glad och lessen.<\/div>\n<div>Tanken p\u00e5 att n\u00e5gong\u00e5ng kanske f\u00e5 barn \u00e4r trevlig. Men hur det g\u00e5r med adoption i f\u00f6rh\u00e5llande till mitt medf\u00f6dda funktionshinder&#8230;. Det vet jag inte =(&nbsp; Det fanns b\u00e5de och uppgifter &#8211; s\u00e5dana som f\u00e5tt och inte f\u00e5tt adoptera.<\/div>\n<div>&nbsp;<\/div>\n<div><b>Min tanke<\/b> \u00e4r att det avg\u00f6rs fr\u00e5n fall till fall&#8230;..<\/div>\n<div>&nbsp;<\/div>\n<div>Bara att s\u00f6ka\/l\u00e4sa\/l\u00e5na b\u00f6cker och annan information om detta inneh\u00e4r en massa k\u00e4nslor&#8230;. T\u00e5rar, skratt, gl\u00e4dje, sorg, \u00f6nskan, hopp och tro!!<\/div>\n<div>&nbsp;<\/div>\n<div>Hoppet och \u00f6nskan att n\u00e5gong\u00e5ng f\u00e5 h\u00f6ra\/l\u00e4sa att man blivit godk\u00e4nd som adoptivf\u00f6r\u00e4lder finns!! Att n\u00e5gong\u00e5ng f\u00e5 h\u00e5lla ett barn i sin famn eller se ett barn sova och se p\u00e5 det som son eller dotter =)<\/div>\n<div>&nbsp;<\/div>\n<div>Med den tanken g\u00e5r jag nu till s\u00e4ngs; Goodnight my angels =)<\/div>\n","protected":false},"excerpt":{"rendered":"<p>Godkv\u00e4ll alla \u00e4nglar!! Har suttit och letat och l\u00e4st om adoption&#8230;. Jag blev b\u00e5de glad och lessen. Tanken p\u00e5 att n\u00e5gong\u00e5ng kanske f\u00e5 barn \u00e4r trevlig. Men hur det g\u00e5r med adoption i f\u00f6rh\u00e5llande till mitt medf\u00f6dda funktionshinder&#8230;. Det vet &hellip; <a href=\"https:\/\/blog.skruttet.com\/?p=438\">Forts\u00e4tt l\u00e4sa <span class=\"meta-nav\">&rarr;<\/span><\/a><\/p>\n","protected":false},"author":1,"featured_media":0,"comment_status":"open","ping_status":"open","sticky":false,"template":"","format":"standard","meta":[],"categories":[3,10,11,14],"tags":[],"_links":{"self":[{"href":"https:\/\/blog.skruttet.com\/index.php?rest_route=\/wp\/v2\/posts\/438"}],"collection":[{"href":"https:\/\/blog.skruttet.com\/index.php?rest_route=\/wp\/v2\/posts"}],"about":[{"href":"https:\/\/blog.skruttet.com\/index.php?rest_route=\/wp\/v2\/types\/post"}],"author":[{"embeddable":true,"href":"https:\/\/blog.skruttet.com\/index.php?rest_route=\/wp\/v2\/users\/1"}],"replies":[{"embeddable":true,"href":"https:\/\/blog.skruttet.com\/index.php?rest_route=%2Fwp%2Fv2%2Fcomments&post=438"}],"version-history":[{"count":0,"href":"https:\/\/blog.skruttet.com\/index.php?rest_route=\/wp\/v2\/posts\/438\/revisions"}],"wp:attachment":[{"href":"https:\/\/blog.skruttet.com\/index.php?rest_route=%2Fwp%2Fv2%2Fmedia&parent=438"}],"wp:term":[{"taxonomy":"category","embeddable":true,"href":"https:\/\/blog.skruttet.com\/index.php?rest_route=%2Fwp%2Fv2%2Fcategories&post=438"},{"taxonomy":"post_tag","embeddable":true,"href":"https:\/\/blog.skruttet.com\/index.php?rest_route=%2Fwp%2Fv2%2Ftags&post=438"}],"curies":[{"name":"wp","href":"https:\/\/api.w.org\/{rel}","templated":true}]}}