{"id":4477,"date":"2012-11-30T17:28:40","date_gmt":"2012-11-30T15:28:40","guid":{"rendered":"http:\/\/www.skruttet.com\/?p=4477"},"modified":"2012-11-30T17:31:01","modified_gmt":"2012-11-30T15:31:01","slug":"novembers-sista-dag-redan","status":"publish","type":"post","link":"https:\/\/blog.skruttet.com\/?p=4477","title":{"rendered":"Novembers sista dag &#8211; Redan!!"},"content":{"rendered":"<p>\u00c4nnu en fredag \u00e4r h\u00e4r och med den ocks\u00e5 november m\u00e5nads sista dag. T\u00e4nk!<br \/>\nFr\u00e5n och med i morgon b\u00f6rjar julkalendern i b\u00e5de TV och radio. Redan!<br \/>\nJag funderar och konstaterar; att jag nog totalt har missat vad som visas i \u00e5r.<\/p>\n<p>I delar av v\u00e5rt land har det kommit riktigt rikligt med sn\u00f6 under den g\u00e5ngna natten.<br \/>\nSn\u00f6n tycks ha skapat problem. M\u00e5nga rader i sociala medier har i dag innefattat ord som<em> sn\u00f6, ploga och skotta.<\/em><\/p>\n<p>H\u00e4r finns inte mycket sn\u00f6 att tala om. Men kylan h\u00e5ller i sig och l\u00e4r s\u00e5 g\u00f6ra. S\u00e5 jag antar att det inte dr\u00f6jer s\u00e5 l\u00e4nge innan sn\u00f6n kommer. F\u00f6r mig kan det vita g\u00e4rna f\u00e5 komma &#8211; f\u00f6r att stanna och skapa lite vinter &#8211; men i lagom m\u00e4ngd. S\u00e5 d\u00e4r lagom s\u00e5 att det skapar st\u00e4mning. Men att det inte beh\u00f6vs en massa r\u00f6jning innan man kan ta sig ut.<\/p>\n<p>St\u00e4mningsfullt ja. I dag plockades adventsljusstaken fram och st\u00e4lldes i k\u00f6ksf\u00f6nstret. Jag f\u00e5r alltid en speciell k\u00e4nsla n\u00e4r den plockas fram. Ett speciellt lugn. Det blir s\u00e5 hemtrevligt och fint!<\/p>\n<p>Ikv\u00e4ll t\u00e4nder vi eld i brasan, njuter av varm gl\u00f6gg och ser p\u00e5 X-factor, som b\u00f6rjar n\u00e4rma sig slutet. Sp\u00e4nningen stiger &#8211; nu \u00e4r de bara 4 kvar!<\/p>\n<p>Ha en fin fredag,<br \/>\n\u00c4nglakramar!!<\/p>\n<p>&nbsp;<\/p>\n","protected":false},"excerpt":{"rendered":"<p>\u00c4nnu en fredag \u00e4r h\u00e4r och med den ocks\u00e5 november m\u00e5nads sista dag. T\u00e4nk! Fr\u00e5n och med i morgon b\u00f6rjar julkalendern i b\u00e5de TV och radio. Redan! Jag funderar och konstaterar; att jag nog totalt har missat vad som visas &hellip; <a href=\"https:\/\/blog.skruttet.com\/?p=4477\">Forts\u00e4tt l\u00e4sa <span class=\"meta-nav\">&rarr;<\/span><\/a><\/p>\n","protected":false},"author":1,"featured_media":0,"comment_status":"open","ping_status":"open","sticky":false,"template":"","format":"standard","meta":[],"categories":[16],"tags":[],"_links":{"self":[{"href":"https:\/\/blog.skruttet.com\/index.php?rest_route=\/wp\/v2\/posts\/4477"}],"collection":[{"href":"https:\/\/blog.skruttet.com\/index.php?rest_route=\/wp\/v2\/posts"}],"about":[{"href":"https:\/\/blog.skruttet.com\/index.php?rest_route=\/wp\/v2\/types\/post"}],"author":[{"embeddable":true,"href":"https:\/\/blog.skruttet.com\/index.php?rest_route=\/wp\/v2\/users\/1"}],"replies":[{"embeddable":true,"href":"https:\/\/blog.skruttet.com\/index.php?rest_route=%2Fwp%2Fv2%2Fcomments&post=4477"}],"version-history":[{"count":3,"href":"https:\/\/blog.skruttet.com\/index.php?rest_route=\/wp\/v2\/posts\/4477\/revisions"}],"predecessor-version":[{"id":4479,"href":"https:\/\/blog.skruttet.com\/index.php?rest_route=\/wp\/v2\/posts\/4477\/revisions\/4479"}],"wp:attachment":[{"href":"https:\/\/blog.skruttet.com\/index.php?rest_route=%2Fwp%2Fv2%2Fmedia&parent=4477"}],"wp:term":[{"taxonomy":"category","embeddable":true,"href":"https:\/\/blog.skruttet.com\/index.php?rest_route=%2Fwp%2Fv2%2Fcategories&post=4477"},{"taxonomy":"post_tag","embeddable":true,"href":"https:\/\/blog.skruttet.com\/index.php?rest_route=%2Fwp%2Fv2%2Ftags&post=4477"}],"curies":[{"name":"wp","href":"https:\/\/api.w.org\/{rel}","templated":true}]}}