{"id":453,"date":"2007-12-17T11:27:54","date_gmt":"2007-12-17T09:27:54","guid":{"rendered":"http:\/\/den-hatade-fasaden"},"modified":"2007-12-17T11:27:54","modified_gmt":"2007-12-17T09:27:54","slug":"den-hatade-fasaden","status":"publish","type":"post","link":"https:\/\/blog.skruttet.com\/?p=453","title":{"rendered":"Den hatade fasaden&#8230;.."},"content":{"rendered":"<p><a href=\"http:\/\/bilder.bloggen.fi\/skruttet\/leende.jpg\"><img src=\"http:\/\/bilder.bloggen.fi\/skruttet\/thumb_leende.jpg\" align=\"right\" border=\"0\"><\/a><\/p>\n<div>En bra dag har jag i dag! Satt och t\u00e4nkte p\u00e5 leendet, ansiktet&#8230;&nbsp; Och p\u00e5 trapin hos \u00c4ngeln med nyckeln till mitt huvud&#8230;.<\/div>\n<div>&nbsp;<\/div>\n<div>N\u00e4r jag b\u00f6rjade g\u00e5 till denna \u00e4ngel f\u00f6r att f\u00e5 hj\u00e4lp att hantera sm\u00e4rtan, f\u00f6r att orka med fast det var tungt, var det som om ansiktet och sj\u00e4len inte talade samma spr\u00e5k&#8230;.<\/div>\n<div>&nbsp;<\/div>\n<div>Jag kunde sitta d\u00e4r och le trots att jag pratade om&nbsp;s\u00e5dant som var jobbigt&#8230;. Jag kunde le och s\u00e4ga att allt var bra fast min sj\u00e4l gr\u00e4t och ropade; &#8221;sn\u00e4lla hj\u00e4lp mej, se mig, f\u00f6rst\u00e5 mig!&#8221;<\/div>\n<div>&nbsp;<\/div>\n<div>Varf\u00f6r var det d\u00e5 s\u00e5?? Kanske ville jag inte visa mig svag, ville klara mig sj\u00e4lv&#8230;<\/div>\n<div>Men leendet stj\u00e4lpte mer \u00e4n vad det hj\u00e4lpte&#8230;.. I och med att jag m\u00e5nga g\u00e5nger hade fasaden p\u00e5 och log fast\u00e4n jag hade helvetiskt ont s\u00e5 blev jag och det onda ifr\u00e5gasatt.<\/div>\n<div>Jag LOG ju!! Ansiktet LOG!! Denna j\u00e4vla fasad&#8230;. Jag hatade den!!<\/div>\n<div>&nbsp;<\/div>\n<div>Men med hj\u00e4lp av terapin och ett hj\u00e4rtevarmt (TACK \u00e4lskade: \u00c4ngeln med ett hj\u00e4rta av guld) st\u00f6d av \u00e4nglarna b\u00e5de p\u00e5 och utanf\u00f6r bloggen har jag \u00c4NTLIGEN l\u00e4rt mig att det inte l\u00e4ngre beh\u00f6vs n\u00e5gon fasad&#8230; Jag har lagt den \u00e5t sidan, jag kan vara som jag \u00e4r&#8230;&nbsp;T\u00e5rar \u00e4r inget farligt, man \u00e4r inte svag fast\u00e4n man gr\u00e5ter&#8230;<\/div>\n<div>En tanke:&nbsp;Sv\u00e5righeterna st\u00e4rker en m\u00e4nniska oftast&#8230;..<\/div>\n<div>Nu talar ansiktet&nbsp;om vad&nbsp;sj\u00e4len k\u00e4nner&#8230;. Ett STORT leende!!! =)))<\/div>\n<div>&nbsp;<\/div>\n<div align=\"center\"><a title=\"R\u00f6r vid min sj\u00e4l - Sanna Nielsen \" href=\"http:\/\/www.youtube.com\/watch?v=oJyhNezCAoE\">R\u00f6r vid min sj\u00e4l &#8211; Sanna Nielsen <\/a><\/div>\n","protected":false},"excerpt":{"rendered":"<p>En bra dag har jag i dag! Satt och t\u00e4nkte p\u00e5 leendet, ansiktet&#8230;&nbsp; Och p\u00e5 trapin hos \u00c4ngeln med nyckeln till mitt huvud&#8230;. &nbsp; N\u00e4r jag b\u00f6rjade g\u00e5 till denna \u00e4ngel f\u00f6r att f\u00e5 hj\u00e4lp att hantera sm\u00e4rtan, f\u00f6r att &hellip; <a href=\"https:\/\/blog.skruttet.com\/?p=453\">Forts\u00e4tt l\u00e4sa <span class=\"meta-nav\">&rarr;<\/span><\/a><\/p>\n","protected":false},"author":1,"featured_media":0,"comment_status":"open","ping_status":"open","sticky":false,"template":"","format":"standard","meta":[],"categories":[14],"tags":[],"_links":{"self":[{"href":"https:\/\/blog.skruttet.com\/index.php?rest_route=\/wp\/v2\/posts\/453"}],"collection":[{"href":"https:\/\/blog.skruttet.com\/index.php?rest_route=\/wp\/v2\/posts"}],"about":[{"href":"https:\/\/blog.skruttet.com\/index.php?rest_route=\/wp\/v2\/types\/post"}],"author":[{"embeddable":true,"href":"https:\/\/blog.skruttet.com\/index.php?rest_route=\/wp\/v2\/users\/1"}],"replies":[{"embeddable":true,"href":"https:\/\/blog.skruttet.com\/index.php?rest_route=%2Fwp%2Fv2%2Fcomments&post=453"}],"version-history":[{"count":0,"href":"https:\/\/blog.skruttet.com\/index.php?rest_route=\/wp\/v2\/posts\/453\/revisions"}],"wp:attachment":[{"href":"https:\/\/blog.skruttet.com\/index.php?rest_route=%2Fwp%2Fv2%2Fmedia&parent=453"}],"wp:term":[{"taxonomy":"category","embeddable":true,"href":"https:\/\/blog.skruttet.com\/index.php?rest_route=%2Fwp%2Fv2%2Fcategories&post=453"},{"taxonomy":"post_tag","embeddable":true,"href":"https:\/\/blog.skruttet.com\/index.php?rest_route=%2Fwp%2Fv2%2Ftags&post=453"}],"curies":[{"name":"wp","href":"https:\/\/api.w.org\/{rel}","templated":true}]}}