{"id":4566,"date":"2012-12-09T15:25:02","date_gmt":"2012-12-09T13:25:02","guid":{"rendered":"http:\/\/www.skruttet.com\/?p=4566"},"modified":"2012-12-09T15:27:32","modified_gmt":"2012-12-09T13:27:32","slug":"visst-ska-barnen-fa-vara-pepparkaksgubbar-om-de-vill","status":"publish","type":"post","link":"https:\/\/blog.skruttet.com\/?p=4566","title":{"rendered":"Visst ska barnen f\u00e5 vara pepparkaksgubbar om de vill!"},"content":{"rendered":"<p><a href=\"http:\/\/www.skruttet.com\/blog\/wp-content\/uploads\/2012\/12\/gubbar.gif\"><img loading=\"lazy\" class=\"alignright size-full wp-image-4567\" title=\"gubbar\" src=\"http:\/\/www.skruttet.com\/blog\/wp-content\/uploads\/2012\/12\/gubbar.gif\" alt=\"\" width=\"250\" height=\"166\" \/><\/a>Vi lever p\u00e5 2012 i ett samh\u00e4lle som ska anses vara m\u00e5ngkulturellt; d\u00e4r man m\u00e5nar om seder, traditioner och ursprung.<br \/>\nUnder den kommande veckan firar vi traditionsenligt Lucia &#8211; med t\u00e4rnor, tomtar och pepparkaksgubbar. Eller??<\/p>\n<p>Ska inte den bruna pepparkaksgubben f\u00e5 finnas representerad i t\u00e5get? Ska inte pepparkaka sedvanligt f\u00e5 serveras? F\u00f6r att det kan anses kr\u00e4nkande?<br \/>\nN\u00e4r jag l\u00e4ser \u00a0<a href=\"http:\/\/na.se\/nyheter\/laxa\/1.1909703-pepparkaksgubbar-forbjuds-i-luciataget\" target=\"_blank\">denna artikel<\/a>\u00a0f\u00f6rundras jag \u00f6ver hur man t\u00e4nker!<br \/>\nDet \u00e4r inte konstigt om det existerar rasism och mobbning med denna inst\u00e4llning.<\/p>\n<p>H\u00e4r stj\u00e4lper man \u00f6ppenheten mot andra kulturer mer \u00e4n hj\u00e4lper.<br \/>\nDvs effekten talar, i l\u00e5nga loppet, f\u00f6r att bli den motsatta.<br \/>\nF\u00f6r mig \u00e4r det sj\u00e4lvklart: Visst ska barnen f\u00e5 vara pepparkaksgubbar om de vill!<\/p>\n<p>Vart \u00e4r v\u00e4rlden p\u00e5 v\u00e4g??<br \/>\nF\u00e5nigt \u00e4r bara f\u00f6rnamnet!!<\/p>\n","protected":false},"excerpt":{"rendered":"<p>Vi lever p\u00e5 2012 i ett samh\u00e4lle som ska anses vara m\u00e5ngkulturellt; d\u00e4r man m\u00e5nar om seder, traditioner och ursprung. Under den kommande veckan firar vi traditionsenligt Lucia &#8211; med t\u00e4rnor, tomtar och pepparkaksgubbar. Eller?? Ska inte den bruna pepparkaksgubben &hellip; <a href=\"https:\/\/blog.skruttet.com\/?p=4566\">Forts\u00e4tt l\u00e4sa <span class=\"meta-nav\">&rarr;<\/span><\/a><\/p>\n","protected":false},"author":1,"featured_media":0,"comment_status":"open","ping_status":"open","sticky":false,"template":"","format":"standard","meta":[],"categories":[15,16],"tags":[],"_links":{"self":[{"href":"https:\/\/blog.skruttet.com\/index.php?rest_route=\/wp\/v2\/posts\/4566"}],"collection":[{"href":"https:\/\/blog.skruttet.com\/index.php?rest_route=\/wp\/v2\/posts"}],"about":[{"href":"https:\/\/blog.skruttet.com\/index.php?rest_route=\/wp\/v2\/types\/post"}],"author":[{"embeddable":true,"href":"https:\/\/blog.skruttet.com\/index.php?rest_route=\/wp\/v2\/users\/1"}],"replies":[{"embeddable":true,"href":"https:\/\/blog.skruttet.com\/index.php?rest_route=%2Fwp%2Fv2%2Fcomments&post=4566"}],"version-history":[{"count":3,"href":"https:\/\/blog.skruttet.com\/index.php?rest_route=\/wp\/v2\/posts\/4566\/revisions"}],"predecessor-version":[{"id":4570,"href":"https:\/\/blog.skruttet.com\/index.php?rest_route=\/wp\/v2\/posts\/4566\/revisions\/4570"}],"wp:attachment":[{"href":"https:\/\/blog.skruttet.com\/index.php?rest_route=%2Fwp%2Fv2%2Fmedia&parent=4566"}],"wp:term":[{"taxonomy":"category","embeddable":true,"href":"https:\/\/blog.skruttet.com\/index.php?rest_route=%2Fwp%2Fv2%2Fcategories&post=4566"},{"taxonomy":"post_tag","embeddable":true,"href":"https:\/\/blog.skruttet.com\/index.php?rest_route=%2Fwp%2Fv2%2Ftags&post=4566"}],"curies":[{"name":"wp","href":"https:\/\/api.w.org\/{rel}","templated":true}]}}