{"id":463,"date":"2008-01-04T10:44:48","date_gmt":"2008-01-04T08:44:48","guid":{"rendered":"http:\/\/nu-b"},"modified":"2008-01-04T10:44:48","modified_gmt":"2008-01-04T08:44:48","slug":"nu-barjar-det","status":"publish","type":"post","link":"https:\/\/blog.skruttet.com\/?p=463","title":{"rendered":"Nu b\u00f6rjar det!"},"content":{"rendered":"<p><a href=\"http:\/\/bilder.bloggen.fi\/skruttet\/i-give-you-my-own-heart.jpg\"><img src=\"http:\/\/bilder.bloggen.fi\/skruttet\/thumb_i-give-you-my-own-heart.jpg\" align=\"right\" border=\"0\"><\/a><\/p>\n<div>Tror nog att bloggen kan vara ett bra s\u00e4tt att hantera och bearbeta det som g\u00f6r ont. Kommer att skriva en hel del h\u00e4r nu&#8230; F\u00f6r det \u00e4r nog s\u00e5&#8230; Att man inte kan&nbsp;tr\u00e4nga undan det som g\u00f6r ont hur l\u00e4nge som helst!<\/div>\n<div>B\u00e4sta v\u00e4gen \u00e4r rakt igenom sm\u00e4rtan, \u00e4ven om det nog p\u00e5 n\u00e5got s\u00e4tt k\u00e4nns som om jag skulle ha f\u00e5tt nog av den under \u00e5ren med endometriosen&#8230;. Men nu om n\u00e5nsin k\u00e4nner jag att jag m\u00e5ste v\u00e5ga&#8230; Jag m\u00e5ste visa&#8230;. Jag m\u00e5ste s\u00e4ga att jag \u00e4r lessen&#8230;. Det g\u00e5r inte att d\u00f6lja bakom fasaden mer&#8230;.Jag hoppas&nbsp;att jag kan s\u00e4tta ord p\u00e5 k\u00e4nslorna i mitt inre h\u00e4r&#8230; Jag ska f\u00f6s\u00f6ka&#8230;. Det kommer alldeles s\u00e4kert att g\u00f6ra ont m\u00e5nga g\u00e5nger, men n\u00e5gonting s\u00e4ger mig att: Ju ondare det g\u00f6r nu, desto mer kan jag njuta&nbsp;av framtiden!<\/div>\n<div>&nbsp;<\/div>\n<div>Jag drar sakta i garn\u00e4ndan i mitt inre&#8230;.. Nu f\u00e5r det komma vad det vill&#8230;. Kommer ju f\u00f6rst\u00e5ss i forts\u00e4ttningen att anv\u00e4nda mig av \u00c4nglanamn&#8230; Och jag kommer inte att p\u00e5 n\u00e5tt s\u00e4tt t\u00e4nka p\u00e5 att det jag skriver ska l\u00e5ta bra eller att meningsbyggnad och formulering ska&nbsp;vara r\u00e4tt utan helt enkelt bara skriva&#8230;. <\/div>\n<div>Den som l\u00e4ser, l\u00e4ser och den som f\u00f6rst\u00e5r, f\u00f6rst\u00e5r.&nbsp; F\u00e5nigt eller inte men det h\u00e4r \u00e4r <u>mitt<\/u> liv och <u>mina<\/u> upplevelser&nbsp;Nu tar jag \u00e5ter en g\u00e5ng \u00e4nglarna i hand&#8230;.&nbsp; Nu finns ingen \u00e5terv\u00e4ndo l\u00e4ngre&#8230;.<\/div>\n<div>Nu b\u00f6rjar:<\/div>\n<div>Skruttets inre resa!!&nbsp;<\/div>\n","protected":false},"excerpt":{"rendered":"<p>Tror nog att bloggen kan vara ett bra s\u00e4tt att hantera och bearbeta det som g\u00f6r ont. Kommer att skriva en hel del h\u00e4r nu&#8230; F\u00f6r det \u00e4r nog s\u00e5&#8230; Att man inte kan&nbsp;tr\u00e4nga undan det som g\u00f6r ont hur &hellip; <a href=\"https:\/\/blog.skruttet.com\/?p=463\">Forts\u00e4tt l\u00e4sa <span class=\"meta-nav\">&rarr;<\/span><\/a><\/p>\n","protected":false},"author":1,"featured_media":0,"comment_status":"open","ping_status":"open","sticky":false,"template":"","format":"standard","meta":[],"categories":[9,14],"tags":[],"_links":{"self":[{"href":"https:\/\/blog.skruttet.com\/index.php?rest_route=\/wp\/v2\/posts\/463"}],"collection":[{"href":"https:\/\/blog.skruttet.com\/index.php?rest_route=\/wp\/v2\/posts"}],"about":[{"href":"https:\/\/blog.skruttet.com\/index.php?rest_route=\/wp\/v2\/types\/post"}],"author":[{"embeddable":true,"href":"https:\/\/blog.skruttet.com\/index.php?rest_route=\/wp\/v2\/users\/1"}],"replies":[{"embeddable":true,"href":"https:\/\/blog.skruttet.com\/index.php?rest_route=%2Fwp%2Fv2%2Fcomments&post=463"}],"version-history":[{"count":0,"href":"https:\/\/blog.skruttet.com\/index.php?rest_route=\/wp\/v2\/posts\/463\/revisions"}],"wp:attachment":[{"href":"https:\/\/blog.skruttet.com\/index.php?rest_route=%2Fwp%2Fv2%2Fmedia&parent=463"}],"wp:term":[{"taxonomy":"category","embeddable":true,"href":"https:\/\/blog.skruttet.com\/index.php?rest_route=%2Fwp%2Fv2%2Fcategories&post=463"},{"taxonomy":"post_tag","embeddable":true,"href":"https:\/\/blog.skruttet.com\/index.php?rest_route=%2Fwp%2Fv2%2Ftags&post=463"}],"curies":[{"name":"wp","href":"https:\/\/api.w.org\/{rel}","templated":true}]}}