{"id":464,"date":"2008-01-07T11:36:31","date_gmt":"2008-01-07T09:36:31","guid":{"rendered":"http:\/\/v"},"modified":"2008-01-07T11:36:31","modified_gmt":"2008-01-07T09:36:31","slug":"vagen-till-anglarnas-rike","status":"publish","type":"post","link":"https:\/\/blog.skruttet.com\/?p=464","title":{"rendered":"V\u00e4gen till \u00c4nglarnas rike&#8230;"},"content":{"rendered":"<p><a href=\"http:\/\/bilder.bloggen.fi\/skruttet\/untitled.JPG\"><img src=\"http:\/\/bilder.bloggen.fi\/skruttet\/thumb_untitled.JPG\" align=\"right\" border=\"0\"><\/a><\/p>\n<div>Jag s\u00e4tter mig ner och l\u00e4gger fingrarna p\u00e5 tangerntbordet&#8230;. En k\u00e4nsla far genom hela kroppen, en k\u00e4nsla av l\u00e4ttnad&#8230;.. Nu kan jag skriva! Har de senaste dagarna haft k\u00e4nslan av att vilja skriva men inte kunnat, det har varit stopp!<\/div>\n<div>&nbsp;<\/div>\n<div>T\u00e5rarna rinner ner f\u00f6r mina kinder, jag k\u00e4nner mig f\u00e5nig! En bekant k\u00e4nsla&#8230; Det \u00e4r samma k\u00e4nsla som jag hade n\u00e4r jag som liten&nbsp;l\u00e5g och gr\u00e4t p\u00e5 kv\u00e4llen p\u00e5 rehabilteringshemmet f\u00f6r att jag ville hem&#8230;. Ville inte gr\u00e5ta, ville ju visa att jag var stor flicka&#8230;..<\/div>\n<div>&nbsp;<\/div>\n<div>Det \u00e4r samma k\u00e4nsla som n\u00e4r jag l\u00e5g p\u00e5&nbsp;sjukhuset f\u00f6r n\u00e5got \u00e5r sedan&#8230; Klar att f\u00f6ras ner till&nbsp;en akut operation&#8230; Jag gr\u00e4t likt ett barn, k\u00e4nde mig som ett litet barn&#8230;. K\u00e4nde mig ensam och utel\u00e4mnad&#8230;.. Jag ville att en \u00e4ngel skulle komma&#8230;.. \u00c4ngeln kom och satt sig bredvid sjukhuss\u00e4ngen hos&nbsp;mig tills det var dags, h\u00f6ll min hand&#8230;. Delade min sm\u00e4rta och str\u00f6k mig \u00f6ver h\u00e5ret&#8230;. Lugnet spred sig i mitt inre och pl\u00f6tsligt var jag inte r\u00e4dd mera! Alla m\u00e4nniskor k\u00e4ndes som \u00e4nglar och f\u00f6rberedelserna inf\u00f6r det som skulle komma k\u00e4ndes inte skr\u00e4mmande alls&#8230;.&nbsp;Det blev dags&#8230;. S\u00e4ngen rullades sakta i v\u00e4g&#8230;. \u00c4ngeln sl\u00e4ppte sakta min hand, str\u00f6k mig \u00f6ver kinden och sa: Allt kommer att g\u00e5 bra!<\/div>\n<div>&nbsp;<\/div>\n<div>I n\u00e4sta \u00f6gonblick tog&nbsp;de v\u00e5rdande \u00e4nglarna mig till hissen&nbsp;som tog oss en v\u00e5ning ner, en stor d\u00f6rr \u00f6ppnas och ut kommer \u00e4nglar kl\u00e4dda i gr\u00f6nt&#8230;. Dom ler, f\u00e5r mig att k\u00e4nna mig trygg&#8230;&nbsp;<\/div>\n<div>&nbsp;<\/div>\n<div>&#8221;Du har varit h\u00e4r&nbsp;f\u00f6rr ser jag&#8221; s\u00e4ger en av \u00e4nglarna&nbsp;och tittar i mina papper..<\/div>\n<div>Jag nickar tr\u00f6tt&#8230;. I n\u00e4sta stund sk\u00f6ljer en v\u00e5g av sm\u00e4rta \u00f6ver mig&#8230;. Jag p\u00e5minns av \u00e4nglarna&nbsp;att hj\u00e4lpen \u00e4r n\u00e4ra nu&#8230; <\/div>\n<div>&nbsp;<\/div>\n<div>S\u00e4ngen rullas vidare in i salen d\u00e4r operationen ska utf\u00f6ras&#8230;. Jag lyfts \u00f6ver p\u00e5 en smal brits och in kommer \u00e4nnu flera gr\u00f6nkl\u00e4dda \u00e4nglar&#8230;.. R\u00e4dslan kommer krypande och t\u00e5rarna br\u00e4nner bakom \u00f6gonlocken&#8230;.<\/div>\n<div>&nbsp;<\/div>\n<div>\u00c4nglarna ser min r\u00e4dsla och mina t\u00e5rar&#8230;.. Dom talar lugnade till mig och s\u00e4ger att: Snart, snart, ska du f\u00e5 sova&#8230;.. Alla slangar till \u00f6vervakningsutrustningen kopplas och en mask s\u00e4tts framf\u00f6r min mun&#8230;.. Blir ombedd att andas lugnt&#8230;.<\/div>\n<div>&nbsp;<\/div>\n<div>L\u00e5ngt borta h\u00f6r jag en r\u00f6st som fr\u00e5gar: B\u00f6rjar du bli tr\u00f6tt?? <\/div>\n<div>\u00c4nglarna l\u00e4gger mig sakta i den stora \u00c4nglafamnen d\u00e4r jag sover tryggt under resan till \u00c4nglarnas rike&#8230;..<\/div>\n<div>&nbsp;<\/div>\n<div>Det fanns&nbsp;en \u00c4ngel som bes\u00f6kte mig d\u00e4r p\u00e5 rehab. hemmet ocks\u00e5 med j\u00e4mna mellanrum&#8230;.. Hon \u00e4r&nbsp;en av himmlens \u00e4nglar i dagens l\u00e4ge. Henne minns jag med en otrolig v\u00e4rme!&nbsp;<\/div>\n<div>&nbsp;<\/div>\n<div>Forts\u00e4ttning f\u00f6ljer&#8230;&#8230;<\/div>\n<div>&nbsp;<\/div>\n<div>&nbsp;<\/div>\n","protected":false},"excerpt":{"rendered":"<p>Jag s\u00e4tter mig ner och l\u00e4gger fingrarna p\u00e5 tangerntbordet&#8230;. En k\u00e4nsla far genom hela kroppen, en k\u00e4nsla av l\u00e4ttnad&#8230;.. Nu kan jag skriva! Har de senaste dagarna haft k\u00e4nslan av att vilja skriva men inte kunnat, det har varit stopp! &hellip; <a href=\"https:\/\/blog.skruttet.com\/?p=464\">Forts\u00e4tt l\u00e4sa <span class=\"meta-nav\">&rarr;<\/span><\/a><\/p>\n","protected":false},"author":1,"featured_media":0,"comment_status":"open","ping_status":"open","sticky":false,"template":"","format":"standard","meta":[],"categories":[9,11,14],"tags":[],"_links":{"self":[{"href":"https:\/\/blog.skruttet.com\/index.php?rest_route=\/wp\/v2\/posts\/464"}],"collection":[{"href":"https:\/\/blog.skruttet.com\/index.php?rest_route=\/wp\/v2\/posts"}],"about":[{"href":"https:\/\/blog.skruttet.com\/index.php?rest_route=\/wp\/v2\/types\/post"}],"author":[{"embeddable":true,"href":"https:\/\/blog.skruttet.com\/index.php?rest_route=\/wp\/v2\/users\/1"}],"replies":[{"embeddable":true,"href":"https:\/\/blog.skruttet.com\/index.php?rest_route=%2Fwp%2Fv2%2Fcomments&post=464"}],"version-history":[{"count":0,"href":"https:\/\/blog.skruttet.com\/index.php?rest_route=\/wp\/v2\/posts\/464\/revisions"}],"wp:attachment":[{"href":"https:\/\/blog.skruttet.com\/index.php?rest_route=%2Fwp%2Fv2%2Fmedia&parent=464"}],"wp:term":[{"taxonomy":"category","embeddable":true,"href":"https:\/\/blog.skruttet.com\/index.php?rest_route=%2Fwp%2Fv2%2Fcategories&post=464"},{"taxonomy":"post_tag","embeddable":true,"href":"https:\/\/blog.skruttet.com\/index.php?rest_route=%2Fwp%2Fv2%2Ftags&post=464"}],"curies":[{"name":"wp","href":"https:\/\/api.w.org\/{rel}","templated":true}]}}