{"id":465,"date":"2008-01-08T11:11:40","date_gmt":"2008-01-08T09:11:40","guid":{"rendered":"http:\/\/det-ska-g"},"modified":"2008-01-08T11:11:40","modified_gmt":"2008-01-08T09:11:40","slug":"det-ska-gay","status":"publish","type":"post","link":"https:\/\/blog.skruttet.com\/?p=465","title":{"rendered":"Det SKA g\u00e5!!!"},"content":{"rendered":"<p><a href=\"http:\/\/bilder.bloggen.fi\/skruttet\/hj\u00e4rt\u00e4ngel.jpg\"><img src=\"http:\/\/bilder.bloggen.fi\/skruttet\/thumb_hj\u00e4rt\u00e4ngel.jpg\" align=\"right\" border=\"0\"><\/a><\/p>\n<div>\u00c4r lessen&#8230;.. vet inte varf\u00f6r eller \u00f6ver vad&#8230;. Har sv\u00e5rt att f\u00e5 tag p\u00e5 k\u00e4nslan&#8230;. Men inom mig finns massor med k\u00e4nslor&#8230;. K\u00e4rlek, lycka, saknad, sorg&#8230;. Jobbigt att inte f\u00e5 ta p\u00e5 k\u00e4nslan eller att inte kunna s\u00e4ga att: D\u00e4rf\u00f6r \u00e4r jag lessen!<\/div>\n<div>&nbsp;<\/div>\n<div>En sak \u00e4r jag s\u00e4ker p\u00e5 i alla fall&#8230;.. T\u00e5rarna har nog aldrig g\u00e4stat mig s\u00e5 m\u00e5nga g\u00e5nger f\u00f6rr som under det g\u00e5ngna \u00e5ret&#8230;. Men jag vill hitta en v\u00e4g att kunna hantera det f\u00f6rflutna p\u00e5 ett s\u00e4tt&nbsp;s\u00e5 att det inte g\u00f6r ont&#8230;. <\/div>\n<div>&nbsp;<\/div>\n<div>Mitt hj\u00e4rta fylls av en otrolig v\u00e4rme n\u00e4r jag t\u00e4nker p\u00e5 \u00c4ngeln med ett hj\u00e4rta av guld&#8230;. K\u00e4nns som om denna \u00e4ngel \u00e4r det enda fr\u00e5n det f\u00f6rlutna som inte g\u00f6r ont&#8230;. Vi levde ett bra liv tillsammans! Jag ser med gl\u00e4dje tillbaka p\u00e5 tiden med honom, det enda som jag \u00f6nskar att jag hade varit utan \u00e4r endonsm\u00e4rtan! Jag minns&nbsp;hur hoppl\u00f6sheten och maktl\u00f6shetens k\u00e4nsla \u00e5terspeglades i b\u00e5de mina o \u00e4ngelns \u00f6gon, f\u00f6r att n\u00e5gon timme senare bytas mot l\u00e4ttnad och gl\u00e4dje n\u00e4r en strimma av ljus letade sig fram i det m\u00f6rka och sm\u00e4rtan avtog&#8230;.. <\/div>\n<div>&nbsp;<\/div>\n<div>Minns n\u00e4r jag l\u00e5g i s\u00e4ngen, tr\u00f6tt efter ett sm\u00e4rtskov, och s\u00e5g p\u00e5 n\u00e5gon Disney film&#8230;. V\u00e4rmeljuset stod p\u00e5 bordet och kissen spann h\u00f6gt vid min sida&#8230;. K\u00e4nslan var obskrivlig&#8230;. Att efter detta ovanligt intensiva&nbsp;och ih\u00e4rdiga skov&#8230;.. N\u00e4r en; nu \u00e4r sista stunden kommen k\u00e4nsla ers\u00e4tts med en gl\u00e4dje och la\u00e4ttnad \u00f6ver att&#8230;. Det \u00e4r \u00f6ver nu,&nbsp;jag \u00e4r m\u00f6r, jag \u00e4r tr\u00f6tt, men jag \u00e4r vid liv!!<\/div>\n<div>&nbsp;<\/div>\n<div>Jag gl\u00f6mmer nog aldrig den stunden&#8230;..&nbsp;Den har nog p\u00e5verkat mig mycket&#8230;.. Den fick mig nog att omv\u00e4rdera saker i livet, t\u00e4nka p\u00e5&nbsp;ett annat s\u00e4tt och att inte ta saker elller hj\u00e4lp f\u00f6rgiven&#8230;.. Och att minnas att visa&nbsp;m\u00e4nniskor&nbsp;uppskattning och k\u00e4rlek&#8230;. <\/div>\n<div>&nbsp;<\/div>\n<div>Torkar en t\u00e5r som rinner ner f\u00f6r min kind&#8230;. Jag vet att jag kan vara besv\u00e4rlig, att jag kan vara sur, jag vet att jag kan vara ginig!! Kan v\u00e4l nog s\u00e4kert ge ett intryck av att vara otacksam och att bara villa ha mer&#8230;..Jag k\u00e4nner mig rutten!!&nbsp;Men det ska gudarna veta att jag F\u00d6RS\u00d6KER f\u00f6r allt jag \u00e4r v\u00e4rd att inte&nbsp;vara s\u00e5&#8230;&nbsp; Jag f\u00f6rs\u00f6ker bara hitta ett s\u00e4tt klara av att leva med hormon utprovning och helt nya f\u00f6ruts\u00e4ttningar att leva!!<\/div>\n<div>&nbsp;<\/div>\n<div>Det \u00e4r sv\u00e5rt!<\/div>\n<div>Det \u00e4r ovant!<\/div>\n<div>Det \u00e4r nytt!<\/div>\n<div>&nbsp;<\/div>\n<div>MEN&#8230;..<\/div>\n<div>&nbsp;<\/div>\n<div>Det SKA g\u00e5!!!<\/div>\n<div>Gudarna ska veta att jag uppskattar alla er \u00e4nglar (p\u00e5 o utanf\u00f6r bloggen)! TACK f\u00f6r att ni finns!!<\/div>\n<div>&nbsp;<\/div>\n<div>\u00c4nglakramar!!<\/div>\n","protected":false},"excerpt":{"rendered":"<p>\u00c4r lessen&#8230;.. vet inte varf\u00f6r eller \u00f6ver vad&#8230;. Har sv\u00e5rt att f\u00e5 tag p\u00e5 k\u00e4nslan&#8230;. Men inom mig finns massor med k\u00e4nslor&#8230;. K\u00e4rlek, lycka, saknad, sorg&#8230;. Jobbigt att inte f\u00e5 ta p\u00e5 k\u00e4nslan eller att inte kunna s\u00e4ga att: D\u00e4rf\u00f6r &hellip; <a href=\"https:\/\/blog.skruttet.com\/?p=465\">Forts\u00e4tt l\u00e4sa <span class=\"meta-nav\">&rarr;<\/span><\/a><\/p>\n","protected":false},"author":1,"featured_media":0,"comment_status":"open","ping_status":"open","sticky":false,"template":"","format":"standard","meta":[],"categories":[9,11,14],"tags":[],"_links":{"self":[{"href":"https:\/\/blog.skruttet.com\/index.php?rest_route=\/wp\/v2\/posts\/465"}],"collection":[{"href":"https:\/\/blog.skruttet.com\/index.php?rest_route=\/wp\/v2\/posts"}],"about":[{"href":"https:\/\/blog.skruttet.com\/index.php?rest_route=\/wp\/v2\/types\/post"}],"author":[{"embeddable":true,"href":"https:\/\/blog.skruttet.com\/index.php?rest_route=\/wp\/v2\/users\/1"}],"replies":[{"embeddable":true,"href":"https:\/\/blog.skruttet.com\/index.php?rest_route=%2Fwp%2Fv2%2Fcomments&post=465"}],"version-history":[{"count":0,"href":"https:\/\/blog.skruttet.com\/index.php?rest_route=\/wp\/v2\/posts\/465\/revisions"}],"wp:attachment":[{"href":"https:\/\/blog.skruttet.com\/index.php?rest_route=%2Fwp%2Fv2%2Fmedia&parent=465"}],"wp:term":[{"taxonomy":"category","embeddable":true,"href":"https:\/\/blog.skruttet.com\/index.php?rest_route=%2Fwp%2Fv2%2Fcategories&post=465"},{"taxonomy":"post_tag","embeddable":true,"href":"https:\/\/blog.skruttet.com\/index.php?rest_route=%2Fwp%2Fv2%2Ftags&post=465"}],"curies":[{"name":"wp","href":"https:\/\/api.w.org\/{rel}","templated":true}]}}