{"id":4658,"date":"2013-01-04T12:38:33","date_gmt":"2013-01-04T10:38:33","guid":{"rendered":"http:\/\/www.skruttet.com\/?p=4658"},"modified":"2013-01-04T13:50:40","modified_gmt":"2013-01-04T11:50:40","slug":"jag-kommer-att-sta-rakryggad","status":"publish","type":"post","link":"https:\/\/blog.skruttet.com\/?p=4658","title":{"rendered":"Jag kommer att st\u00e5 rakryggad."},"content":{"rendered":"<p>Sakta l\u00e4gger jag fingrarna p\u00e5 tangentbordet.<br \/>\nMusikens vackra toner fyller mitt inre och lusten till ordlek vaknar.<\/p>\n<p>Julen har passerat. Ny\u00e5ret likas\u00e5. Liksom n\u00e5gra oerh\u00f6rt sk\u00f6na dagar i mitt ursprung.<br \/>\nDagar som beh\u00f6vdes s\u00e5 v\u00e4l. Jag beh\u00f6vde n\u00e4rheten, kramarna och skratten. Att bara f\u00e5 vara och \u00e4ta oemotst\u00e5ndlig kulinarisk mat. F\u00e5 k\u00e4nna energin \u00e5terkomma.<\/p>\n<p>\u00c5r 2013 \u00e4r som sagt kommet. Jag brukar inte vara den som avger n\u00e5gra \u00e5rs l\u00f6ften.<br \/>\nDet kommer inte att ske nu heller.<\/p>\n<p>Men jag kommer garanterat att forts\u00e4tta k\u00e4mpa f\u00f6r att minska f\u00f6rdomarna och den tr\u00e5ngsynthet jag orov\u00e4ckande ofta m\u00f6ter ute i samh\u00e4llet i och med min funktionsneds\u00e4ttning.<\/p>\n<p>F\u00f6r jag b\u00e4r \u00e4nnu k\u00e4nslan att man alltf\u00f6r ofta l\u00e4gger fokus p\u00e5 mitt hinder i st\u00e4llet f\u00f6r att se alla de f\u00f6rm\u00e5gor jag har. Vid f\u00f6rsta b\u00e4sta tillf\u00e4lle g\u00f6r man mig mer hindrad \u00e4n vad jag \u00e4r. Man anser sig ha r\u00e4tten att avg\u00f6ra vad som \u00e4r r\u00e4tt eller fel f\u00f6r mig. Och trots att detta fenomen p\u00e5 intet s\u00e4tt \u00e4r nytt f\u00f6r mig s\u00e5 g\u00f6r det lika ont varje g\u00e5ng. Det sm\u00e4rtar.<br \/>\nDet \u00e4cklar mig. Det f\u00e5r mig med hela mitt v\u00e4sen att k\u00e4nna mig oduglig.<\/p>\n<p>Trots att jag <em><strong>vet<\/strong><\/em> att sanningen \u00e4r den motsatta. <em>Jag vet att jag duger och att jag kan!!<\/em><\/p>\n<p>S\u00e5 det s\u00e5!! Jag ger mig inte! Tigern i mig kommer att forts\u00e4tta ryta! Jag kommer att st\u00e5 rakryggad. Och st\u00e5 f\u00f6r den jag \u00e4r &#8211; vad jag k\u00e4nner, tycker och t\u00e4nker!<\/p>\n<p>Jag vet att jag i framtiden kommer att f\u00f6rvalta den kunskap och de erfarenheter livet har gett mig till att hj\u00e4lpa andra. Hj\u00e4lpa andra att v\u00e5ga se m\u00f6jligheter i det som ter sig vara om\u00f6jligt. Att v\u00e5ga forts\u00e4tta tro n\u00e4r andra ger upp. Att vara stolt \u00f6ver den man \u00e4r!<\/p>\n<p>2012 var \u00e5ret som gav mig nya intressen, nya fina bekantskaper och l\u00e4rdomens \u00e5r n\u00e4r n\u00e5gra bitar\u00a0i livets pussel\u00a0f\u00f6ll p\u00e5 plats. Det tar jag tacksamt emot!<\/p>\n<p>Hoppas att 2013 blir lika fint,<br \/>\n\u00c4nglakramar!!<\/p>\n","protected":false},"excerpt":{"rendered":"<p>Sakta l\u00e4gger jag fingrarna p\u00e5 tangentbordet. Musikens vackra toner fyller mitt inre och lusten till ordlek vaknar. Julen har passerat. Ny\u00e5ret likas\u00e5. Liksom n\u00e5gra oerh\u00f6rt sk\u00f6na dagar i mitt ursprung. Dagar som beh\u00f6vdes s\u00e5 v\u00e4l. Jag beh\u00f6vde n\u00e4rheten, kramarna och &hellip; <a href=\"https:\/\/blog.skruttet.com\/?p=4658\">Forts\u00e4tt l\u00e4sa <span class=\"meta-nav\">&rarr;<\/span><\/a><\/p>\n","protected":false},"author":1,"featured_media":0,"comment_status":"open","ping_status":"open","sticky":false,"template":"","format":"standard","meta":[],"categories":[10,14,16],"tags":[],"_links":{"self":[{"href":"https:\/\/blog.skruttet.com\/index.php?rest_route=\/wp\/v2\/posts\/4658"}],"collection":[{"href":"https:\/\/blog.skruttet.com\/index.php?rest_route=\/wp\/v2\/posts"}],"about":[{"href":"https:\/\/blog.skruttet.com\/index.php?rest_route=\/wp\/v2\/types\/post"}],"author":[{"embeddable":true,"href":"https:\/\/blog.skruttet.com\/index.php?rest_route=\/wp\/v2\/users\/1"}],"replies":[{"embeddable":true,"href":"https:\/\/blog.skruttet.com\/index.php?rest_route=%2Fwp%2Fv2%2Fcomments&post=4658"}],"version-history":[{"count":10,"href":"https:\/\/blog.skruttet.com\/index.php?rest_route=\/wp\/v2\/posts\/4658\/revisions"}],"predecessor-version":[{"id":4661,"href":"https:\/\/blog.skruttet.com\/index.php?rest_route=\/wp\/v2\/posts\/4658\/revisions\/4661"}],"wp:attachment":[{"href":"https:\/\/blog.skruttet.com\/index.php?rest_route=%2Fwp%2Fv2%2Fmedia&parent=4658"}],"wp:term":[{"taxonomy":"category","embeddable":true,"href":"https:\/\/blog.skruttet.com\/index.php?rest_route=%2Fwp%2Fv2%2Fcategories&post=4658"},{"taxonomy":"post_tag","embeddable":true,"href":"https:\/\/blog.skruttet.com\/index.php?rest_route=%2Fwp%2Fv2%2Ftags&post=4658"}],"curies":[{"name":"wp","href":"https:\/\/api.w.org\/{rel}","templated":true}]}}