{"id":466,"date":"2008-01-09T09:27:08","date_gmt":"2008-01-09T07:27:08","guid":{"rendered":"http:\/\/ja-s"},"modified":"2008-01-09T09:27:08","modified_gmt":"2008-01-09T07:27:08","slug":"ja-sag-det-den-som-vet","status":"publish","type":"post","link":"https:\/\/blog.skruttet.com\/?p=466","title":{"rendered":"Ja, s\u00e4g det, den som vet!"},"content":{"rendered":"<p><a href=\"http:\/\/bilder.bloggen.fi\/skruttet\/confused.jpg\"><img src=\"http:\/\/bilder.bloggen.fi\/skruttet\/thumb_confused.jpg\" align=\"right\" border=\"0\"><\/a><a href=\"http:\/\/bilder.bloggen.fi\/skruttet\/f\u00f6rvirrad.jpg\"><\/a><\/p>\n<div>Godmorgon alla \u00e4nglar!<\/div>\n<div>I dag \u00e4r en b\u00e4ttre dag! K\u00e4nner mig utvilad och pigg =) <\/div>\n<div>&nbsp;<\/div>\n<div>Ska p\u00e5 l\u00e4karbes\u00f6k n\u00e4sta vecka f\u00f6r uppf\u00f6ljning av&nbsp;hormonbehandlingen. Det b\u00f6rjar nog k\u00e4nnas som om hormonerna skulle beh\u00f6va justeras lite&#8230;.<\/div>\n<div>&nbsp;<\/div>\n<div>Kan m\u00e4ngden t\u00e5rar bero p\u00e5 just det faktum att hormonbalansen \u00e4r fel? Eller \u00e4r det av den &#8221;enkla&#8221; anledningen att det blev f\u00f6r mycket bara??<\/div>\n<div>&nbsp;<\/div>\n<div>Inte l\u00e4tt att veta vad som \u00e4r vad! Men nog s\u00e5 viktigt&#8230;..<\/div>\n<div>Jag vet ju inte hur det ska k\u00e4nnas n\u00e4r hormonerna \u00e4r r\u00e4tt inst\u00e4llda? Ska det k\u00e4nnas som vanligt?? Hur k\u00e4nns det n\u00e4r allt \u00e4r som vanligt? Det vet inte jag!<\/div>\n<div>&nbsp;<\/div>\n<div>Svettskov alt frossa&#8230;Tr\u00f6tthet alt sv\u00e5righet att sova&#8230; \u00d6mhet i br\u00f6st och muskler&#8230;. Jobbigt mycket t\u00e5rar&#8230;.. V\u00e4ldigt v\u00e4xlande hum\u00f6r&#8230;..<\/div>\n<div>&nbsp;<\/div>\n<div>Vad beror p\u00e5 hormonerna och vad beror p\u00e5 annat?? <\/div>\n<div>Ja, s\u00e4g det, den som vet!<\/div>\n<div>&nbsp;<\/div>\n<div>\u00c4nglakramar fr\u00e5n f\u00f6rvirrade Skruttet<\/div>\n","protected":false},"excerpt":{"rendered":"<p>Godmorgon alla \u00e4nglar! I dag \u00e4r en b\u00e4ttre dag! K\u00e4nner mig utvilad och pigg =) &nbsp; Ska p\u00e5 l\u00e4karbes\u00f6k n\u00e4sta vecka f\u00f6r uppf\u00f6ljning av&nbsp;hormonbehandlingen. Det b\u00f6rjar nog k\u00e4nnas som om hormonerna skulle beh\u00f6va justeras lite&#8230;. &nbsp; Kan m\u00e4ngden t\u00e5rar bero &hellip; <a href=\"https:\/\/blog.skruttet.com\/?p=466\">Forts\u00e4tt l\u00e4sa <span class=\"meta-nav\">&rarr;<\/span><\/a><\/p>\n","protected":false},"author":1,"featured_media":0,"comment_status":"open","ping_status":"open","sticky":false,"template":"","format":"standard","meta":[],"categories":[9,11,14],"tags":[],"_links":{"self":[{"href":"https:\/\/blog.skruttet.com\/index.php?rest_route=\/wp\/v2\/posts\/466"}],"collection":[{"href":"https:\/\/blog.skruttet.com\/index.php?rest_route=\/wp\/v2\/posts"}],"about":[{"href":"https:\/\/blog.skruttet.com\/index.php?rest_route=\/wp\/v2\/types\/post"}],"author":[{"embeddable":true,"href":"https:\/\/blog.skruttet.com\/index.php?rest_route=\/wp\/v2\/users\/1"}],"replies":[{"embeddable":true,"href":"https:\/\/blog.skruttet.com\/index.php?rest_route=%2Fwp%2Fv2%2Fcomments&post=466"}],"version-history":[{"count":0,"href":"https:\/\/blog.skruttet.com\/index.php?rest_route=\/wp\/v2\/posts\/466\/revisions"}],"wp:attachment":[{"href":"https:\/\/blog.skruttet.com\/index.php?rest_route=%2Fwp%2Fv2%2Fmedia&parent=466"}],"wp:term":[{"taxonomy":"category","embeddable":true,"href":"https:\/\/blog.skruttet.com\/index.php?rest_route=%2Fwp%2Fv2%2Fcategories&post=466"},{"taxonomy":"post_tag","embeddable":true,"href":"https:\/\/blog.skruttet.com\/index.php?rest_route=%2Fwp%2Fv2%2Ftags&post=466"}],"curies":[{"name":"wp","href":"https:\/\/api.w.org\/{rel}","templated":true}]}}