{"id":4669,"date":"2013-01-05T20:48:51","date_gmt":"2013-01-05T18:48:51","guid":{"rendered":"http:\/\/www.skruttet.com\/?p=4669"},"modified":"2013-01-05T20:51:11","modified_gmt":"2013-01-05T18:51:11","slug":"en-fin-och-vardefull-upplevelse","status":"publish","type":"post","link":"https:\/\/blog.skruttet.com\/?p=4669","title":{"rendered":"En fin och v\u00e4rdefull upplevelse!!"},"content":{"rendered":"<p>Jag vill dela med mig av n\u00e5got ljust och positivt i dag. \ud83d\ude42<\/p>\n<p>F\u00f6r ett tag sedan b\u00f6rjade min kropp ge i fr\u00e5n sig signaler. V\u00e4ldigt bekanta men o\u00f6nskade s\u00e5dana som talar om att det \u00e4r dags att justera hormonbehandlingen.<br \/>\nOch f\u00f6r min del betyder dessa justeringar alltid att sm\u00e4rtan &#8221;kommer som ett brev p\u00e5 posten&#8221;.\u00a0Med blandade k\u00e4nslor och minnet \u00a0av\u00a0<a href=\"http:\/\/www.skruttet.com\/?p=3346\" target=\"_blank\">hur det brukar vara under dessa perioder<\/a> ins\u00e5g jag att det inte fanns n\u00e5gon \u00e5terv\u00e4ndo och svor av leda n\u00e4r en sort av h\u00f6gre styrka l\u00f6stes ut.<\/p>\n<p>&#8217;Fy tusan!<br \/>\nJag har verkligen ingen ork \u00a0eller energi att h\u00e4lsa p\u00e5 det sm\u00e4rtande drakhelvet&#8217;<\/p>\n<p>Men t\u00e4nk vad sk\u00f6nt det kan vara att ha fel. F\u00f6r tro det eller ej; ingen drake har k\u00e4nts av!<br \/>\nHum\u00f6ret har varit l\u00e5ngt ifr\u00e5n det b\u00e4sta. \u00a0Jag har gjort som brukligt under dessa perioder: gr\u00e5tit, \u00e4ltat och funderat. Men inte en enda v\u00e4rktablett har beh\u00f6vts!<\/p>\n<p>Det \u00e4r stort!<br \/>\nF\u00f6r s\u00e5vitt jag kan minnas har det inte skett p\u00e5 v\u00e4ldigt l\u00e4nge. Om ens n\u00e5gonsin f\u00f6r min del.<br \/>\nVar sitter f\u00f6r\u00e4ndringen? Det vet jag inte &#8211; men det t\u00e5l att funderas p\u00e5 &#8211; f\u00f6r den h\u00e4r upplevelsen vill jag ha flera g\u00e5nger. Att veta det vore en l\u00e4rdom utan dess like.<\/p>\n<p>Men tills jag l\u00e4r mig det s\u00e5 f\u00e5r jag klara mig p\u00e5 minnet av den positiva k\u00e4nslan som upplevelsen har givit mig. Och det \u00e4r ju inte s\u00e5 illa det heller!<\/p>\n<p>\u00c4nglakramar!!<\/p>\n","protected":false},"excerpt":{"rendered":"<p>Jag vill dela med mig av n\u00e5got ljust och positivt i dag. \ud83d\ude42 F\u00f6r ett tag sedan b\u00f6rjade min kropp ge i fr\u00e5n sig signaler. V\u00e4ldigt bekanta men o\u00f6nskade s\u00e5dana som talar om att det \u00e4r dags att justera hormonbehandlingen. &hellip; <a href=\"https:\/\/blog.skruttet.com\/?p=4669\">Forts\u00e4tt l\u00e4sa <span class=\"meta-nav\">&rarr;<\/span><\/a><\/p>\n","protected":false},"author":1,"featured_media":0,"comment_status":"open","ping_status":"open","sticky":false,"template":"","format":"standard","meta":[],"categories":[10,11,14],"tags":[],"_links":{"self":[{"href":"https:\/\/blog.skruttet.com\/index.php?rest_route=\/wp\/v2\/posts\/4669"}],"collection":[{"href":"https:\/\/blog.skruttet.com\/index.php?rest_route=\/wp\/v2\/posts"}],"about":[{"href":"https:\/\/blog.skruttet.com\/index.php?rest_route=\/wp\/v2\/types\/post"}],"author":[{"embeddable":true,"href":"https:\/\/blog.skruttet.com\/index.php?rest_route=\/wp\/v2\/users\/1"}],"replies":[{"embeddable":true,"href":"https:\/\/blog.skruttet.com\/index.php?rest_route=%2Fwp%2Fv2%2Fcomments&post=4669"}],"version-history":[{"count":6,"href":"https:\/\/blog.skruttet.com\/index.php?rest_route=\/wp\/v2\/posts\/4669\/revisions"}],"predecessor-version":[{"id":4675,"href":"https:\/\/blog.skruttet.com\/index.php?rest_route=\/wp\/v2\/posts\/4669\/revisions\/4675"}],"wp:attachment":[{"href":"https:\/\/blog.skruttet.com\/index.php?rest_route=%2Fwp%2Fv2%2Fmedia&parent=4669"}],"wp:term":[{"taxonomy":"category","embeddable":true,"href":"https:\/\/blog.skruttet.com\/index.php?rest_route=%2Fwp%2Fv2%2Fcategories&post=4669"},{"taxonomy":"post_tag","embeddable":true,"href":"https:\/\/blog.skruttet.com\/index.php?rest_route=%2Fwp%2Fv2%2Ftags&post=4669"}],"curies":[{"name":"wp","href":"https:\/\/api.w.org\/{rel}","templated":true}]}}