{"id":4714,"date":"2013-01-15T18:09:43","date_gmt":"2013-01-15T16:09:43","guid":{"rendered":"http:\/\/www.skruttet.com\/?p=4714"},"modified":"2013-01-16T13:32:17","modified_gmt":"2013-01-16T11:32:17","slug":"perioder-av-psykisk-press","status":"publish","type":"post","link":"https:\/\/blog.skruttet.com\/?p=4714","title":{"rendered":"Perioder av psykisk press??"},"content":{"rendered":"<p>Tisdag.<br \/>\nEn fin s\u00e5dan som hittills inneh\u00e5llit s\u00e5v\u00e4l hush\u00e5llssysslor som \u00e5rets f\u00f6rsta tr\u00e4ningspass.<br \/>\nDet f\u00f6rsta av den ledda sorten d\u00e5.<br \/>\nEtt trevligt \u00e5terseende blev det. \u00a0Och jag ser redan fram emot n\u00e4sta pass som finns inbokat om en vecka.<\/p>\n<p>Motivationen har lyst med sin fr\u00e5nvaro en tid. Hum\u00f6ret har inte varit det b\u00e4sta men jag f\u00f6rs\u00f6ker g\u00f6ra mitt b\u00e4sta f\u00f6r att fylla dagarna med syssels\u00e4ttning av olika slag. Och egentligen finns inget s\u00e4rskilt att ber\u00e4tta men jag skriver \u00e4nd\u00e5. B\u00e5de h\u00e4r och annanstans.<\/p>\n<p>K\u00e4nslor beh\u00f6ver komma ut. Saker upprepar sig och det skapar blandade k\u00e4nslor. Jag k\u00e4nner mig en aning villr\u00e5dig \u00f6ver vad som kommer att ske framledes. Ingen vet. Ingen kan svara. Det k\u00e4nns \u00e4ckligt bekant.<br \/>\nSamtidigt som jag b\u00e4r en tro p\u00e5 att jag kommer att orka ro i land med allt vad rehabilitering heter och ett hopp f\u00f6r att utg\u00e5ngen kommer att bli god.<\/p>\n<p>Jag har en stark tro p\u00e5 att bel\u00f6ningen snart \u00e4r inom synh\u00e5ll.<br \/>\nL\u00e5t det vara s\u00e5.<\/p>\n<p>Om n\u00e5gon efter detta st\u00e4ller fr\u00e5gan:<br \/>\nKlarar du perioder av psykisk press??<br \/>\nD\u00e5 kommer jag att svara:<br \/>\nOh, yes!!<\/p>\n","protected":false},"excerpt":{"rendered":"<p>Tisdag. En fin s\u00e5dan som hittills inneh\u00e5llit s\u00e5v\u00e4l hush\u00e5llssysslor som \u00e5rets f\u00f6rsta tr\u00e4ningspass. Det f\u00f6rsta av den ledda sorten d\u00e5. Ett trevligt \u00e5terseende blev det. \u00a0Och jag ser redan fram emot n\u00e4sta pass som finns inbokat om en vecka. Motivationen &hellip; <a href=\"https:\/\/blog.skruttet.com\/?p=4714\">Forts\u00e4tt l\u00e4sa <span class=\"meta-nav\">&rarr;<\/span><\/a><\/p>\n","protected":false},"author":1,"featured_media":0,"comment_status":"open","ping_status":"open","sticky":false,"template":"","format":"standard","meta":[],"categories":[7,14,16],"tags":[],"_links":{"self":[{"href":"https:\/\/blog.skruttet.com\/index.php?rest_route=\/wp\/v2\/posts\/4714"}],"collection":[{"href":"https:\/\/blog.skruttet.com\/index.php?rest_route=\/wp\/v2\/posts"}],"about":[{"href":"https:\/\/blog.skruttet.com\/index.php?rest_route=\/wp\/v2\/types\/post"}],"author":[{"embeddable":true,"href":"https:\/\/blog.skruttet.com\/index.php?rest_route=\/wp\/v2\/users\/1"}],"replies":[{"embeddable":true,"href":"https:\/\/blog.skruttet.com\/index.php?rest_route=%2Fwp%2Fv2%2Fcomments&post=4714"}],"version-history":[{"count":5,"href":"https:\/\/blog.skruttet.com\/index.php?rest_route=\/wp\/v2\/posts\/4714\/revisions"}],"predecessor-version":[{"id":4718,"href":"https:\/\/blog.skruttet.com\/index.php?rest_route=\/wp\/v2\/posts\/4714\/revisions\/4718"}],"wp:attachment":[{"href":"https:\/\/blog.skruttet.com\/index.php?rest_route=%2Fwp%2Fv2%2Fmedia&parent=4714"}],"wp:term":[{"taxonomy":"category","embeddable":true,"href":"https:\/\/blog.skruttet.com\/index.php?rest_route=%2Fwp%2Fv2%2Fcategories&post=4714"},{"taxonomy":"post_tag","embeddable":true,"href":"https:\/\/blog.skruttet.com\/index.php?rest_route=%2Fwp%2Fv2%2Ftags&post=4714"}],"curies":[{"name":"wp","href":"https:\/\/api.w.org\/{rel}","templated":true}]}}