{"id":4767,"date":"2013-02-02T16:52:37","date_gmt":"2013-02-02T14:52:37","guid":{"rendered":"http:\/\/www.skruttet.com\/?p=4767"},"modified":"2013-10-21T17:23:05","modified_gmt":"2013-10-21T14:23:05","slug":"i-hjartat-ekade-orden","status":"publish","type":"post","link":"https:\/\/blog.skruttet.com\/?p=4767","title":{"rendered":"I hj\u00e4rtat ekade orden&#8230;"},"content":{"rendered":"<p>Februari m\u00e5nad har tagit sin b\u00f6rjan.<br \/>\nRunt om oss v\u00e4xer magar och barn f\u00f6ds.<\/p>\n<p>Ibland k\u00e4nns barnl\u00f6sheten mer &#8211; Ibland mindre.<br \/>\nF\u00f6r tillf\u00e4llet g\u00e5r det ganska bra. Att se v\u00e4xande magar eller bebisar g\u00f6r inte ont.<br \/>\nOch \u00e5t de som undrar s\u00e4ger vi: Tassa inte p\u00e5 t\u00e5 f\u00f6r oss! V\u00e5ga ber\u00e4tta och v\u00e5ga visa.<br \/>\nHa en \u00f6ppenhet f\u00f6r att m\u00f6tas halv\u00e4gs &#8211; \u00a0v\u00e5ga \u00e4ven se och prata om barnl\u00f6sheten.<br \/>\nOm l\u00e4ngtan. Om hoppet. Om dr\u00f6mmen vi b\u00e4r.<\/p>\n<p>Det k\u00e4nns ocks\u00e5 riktigt bra att v\u00e4nta p\u00e5 n\u00e5got som helst besked vad g\u00e4ller adoptionen.<br \/>\nJag k\u00e4nner en innerlig gl\u00e4dje \u00f6ver att det faktiskt fanns ett land som kanske kan vara m\u00f6jligt f\u00f6r oss trots mitt hinder. <strong>Det \u00e4r absolut ingenting som \u00e4r s\u00e4kert \u00e4nnu!<\/strong><\/p>\n<p>Men bara det att vi faktiskt f\u00e5r en \u00e4rlig chans att visa vilka vi \u00e4r v\u00e4rmer mitt hj\u00e4rta oerh\u00f6rt. Det fina bem\u00f6tandet lika s\u00e5. Vi f\u00e5r all den hj\u00e4lp vi kan t\u00e4nkas beh\u00f6va.<\/p>\n<p><a href=\"http:\/\/www.skruttet.com\/?attachment_id=4769\" rel=\"attachment wp-att-4769\"><img loading=\"lazy\" class=\"alignright size-full wp-image-4769\" alt=\"hand chid adult...\" src=\"http:\/\/www.skruttet.com\/blog\/wp-content\/uploads\/2013\/02\/hand-chid-adult....jpg\" width=\"225\" height=\"225\" srcset=\"https:\/\/blog.skruttet.com\/wp-content\/uploads\/2013\/02\/hand-chid-adult....jpg 225w, https:\/\/blog.skruttet.com\/wp-content\/uploads\/2013\/02\/hand-chid-adult...-150x150.jpg 150w\" sizes=\"(max-width: 225px) 100vw, 225px\" \/><\/a>Vad g\u00e4ller f\u00f6rdomar s\u00e5 upplever jag att de m\u00e4rktes innan processen p\u00e5b\u00f6rjades.\u00a0D\u00e5 menar jag i tankeskedet. Mina tankar om Adoption fick blandade reaktioner. Det fanns de som avr\u00e5dde, de som lyssnade intresserat och de som bad mig t\u00e4nka en extra g\u00e5ng innan processen startade. S\u00e5 h\u00e4r i efterhand tror jag att mycket handlade om okunskap och r\u00e4dsla. Att man helt enkelt ville skydda mig. Skydda mig fr\u00e5n att bli kr\u00e4nkt, s\u00e5rad eller ledsen. Jag blev os\u00e4ker och r\u00e4dd sj\u00e4lv men valde slutligen att f\u00f6lja mitt hj\u00e4rta.<\/p>\n<p>I hj\u00e4rtat ekade orden: V\u00e5ga f\u00f6rs\u00f6ka! V\u00e5ga tro! Det kan g\u00e5 v\u00e4gen! Du duger visst!<\/p>\n<p>Visst har det gr\u00e5tits t\u00e5rar. Och nog har fr\u00e5gorna om mitt liv med funktionshindret varit v\u00e4ldigt n\u00e4rg\u00e5ngna. Men jag satte tidigt en gr\u00e4ns f\u00f6r vad som var okej att svara p\u00e5 och n\u00e4r det var dags att s\u00e4ga stopp! Det har funnit g\u00e5nger d\u00e5 gr\u00e4nsen passerats. Och vi sagt Stopp!<br \/>\nMen g\u00e5ngerna med gl\u00e4djen \u00f6ver att jag v\u00e5gade f\u00f6lja orden i hj\u00e4rtat har varit betydligt flera.<\/p>\n<p>T\u00e4nk \u00e4nd\u00e5 att vi kommit s\u00e5h\u00e4r l\u00e5ngt.<br \/>\nV\u00e5ra papper finns nu hos utl\u00e4ndska myndigheter. \ud83d\ude00<\/p>\n<p>Ha en fin l\u00f6rdag,<br \/>\n\u00c4nglakramar!!<\/p>\n","protected":false},"excerpt":{"rendered":"<p>Februari m\u00e5nad har tagit sin b\u00f6rjan. Runt om oss v\u00e4xer magar och barn f\u00f6ds. Ibland k\u00e4nns barnl\u00f6sheten mer &#8211; Ibland mindre. F\u00f6r tillf\u00e4llet g\u00e5r det ganska bra. Att se v\u00e4xande magar eller bebisar g\u00f6r inte ont. Och \u00e5t de som &hellip; <a href=\"https:\/\/blog.skruttet.com\/?p=4767\">Forts\u00e4tt l\u00e4sa <span class=\"meta-nav\">&rarr;<\/span><\/a><\/p>\n","protected":false},"author":1,"featured_media":0,"comment_status":"open","ping_status":"open","sticky":false,"template":"","format":"standard","meta":[],"categories":[3,21,14],"tags":[],"_links":{"self":[{"href":"https:\/\/blog.skruttet.com\/index.php?rest_route=\/wp\/v2\/posts\/4767"}],"collection":[{"href":"https:\/\/blog.skruttet.com\/index.php?rest_route=\/wp\/v2\/posts"}],"about":[{"href":"https:\/\/blog.skruttet.com\/index.php?rest_route=\/wp\/v2\/types\/post"}],"author":[{"embeddable":true,"href":"https:\/\/blog.skruttet.com\/index.php?rest_route=\/wp\/v2\/users\/1"}],"replies":[{"embeddable":true,"href":"https:\/\/blog.skruttet.com\/index.php?rest_route=%2Fwp%2Fv2%2Fcomments&post=4767"}],"version-history":[{"count":9,"href":"https:\/\/blog.skruttet.com\/index.php?rest_route=\/wp\/v2\/posts\/4767\/revisions"}],"predecessor-version":[{"id":5303,"href":"https:\/\/blog.skruttet.com\/index.php?rest_route=\/wp\/v2\/posts\/4767\/revisions\/5303"}],"wp:attachment":[{"href":"https:\/\/blog.skruttet.com\/index.php?rest_route=%2Fwp%2Fv2%2Fmedia&parent=4767"}],"wp:term":[{"taxonomy":"category","embeddable":true,"href":"https:\/\/blog.skruttet.com\/index.php?rest_route=%2Fwp%2Fv2%2Fcategories&post=4767"},{"taxonomy":"post_tag","embeddable":true,"href":"https:\/\/blog.skruttet.com\/index.php?rest_route=%2Fwp%2Fv2%2Ftags&post=4767"}],"curies":[{"name":"wp","href":"https:\/\/api.w.org\/{rel}","templated":true}]}}