{"id":4813,"date":"2013-02-09T20:38:41","date_gmt":"2013-02-09T18:38:41","guid":{"rendered":"http:\/\/www.skruttet.com\/?p=4813"},"modified":"2013-02-09T20:39:45","modified_gmt":"2013-02-09T18:39:45","slug":"enkelt-kryddat-ar-gott","status":"publish","type":"post","link":"https:\/\/blog.skruttet.com\/?p=4813","title":{"rendered":"Enkelt kryddat \u00e4r gott&#8230;"},"content":{"rendered":"<p>Vi har hunnit en bit in i februari nu. Sn\u00f6n ligger tjock p\u00e5 marken men det m\u00e4rks att dagarna blir ljusare f\u00f6r varje dag som g\u00e5r.<\/p>\n<p>Dagen har flutit p\u00e5 i lugn takt och s\u00e5 l\u00e4r det forts\u00e4tta resen av kv\u00e4llen ocks\u00e5.<br \/>\nJylpyntet \u00e4r tr\u00e5kigt nog snart nerplockat. Har alltid tyckt om st\u00e4mningen som julljusen sprider och har g\u00e4rna ljuset uppe s\u00e5 l\u00e4nge som m\u00f6jligt. Vi kompromissar och tar ner allt utom julbelysningen i kontoret, d\u00e4r jag skriver och skapar.<\/p>\n<p><a href=\"http:\/\/www.skruttet.com\/?attachment_id=4814\" rel=\"attachment wp-att-4814\"><img loading=\"lazy\" class=\"alignright size-medium wp-image-4814\" alt=\"meira krydda\" src=\"http:\/\/www.skruttet.com\/blog\/wp-content\/uploads\/2013\/02\/meira-krydda-252x300.jpg\" width=\"252\" height=\"300\" srcset=\"https:\/\/blog.skruttet.com\/wp-content\/uploads\/2013\/02\/meira-krydda-252x300.jpg 252w, https:\/\/blog.skruttet.com\/wp-content\/uploads\/2013\/02\/meira-krydda.jpg 747w\" sizes=\"(max-width: 252px) 100vw, 252px\" \/><\/a>Middagen \u00e4r intagen f\u00f6r en stund sedan.<br \/>\nSnabbt och enkelt blev det, \u00a0i form av pommes och k\u00f6ttbullar.<br \/>\nF\u00f6r dem som inte har provat s\u00e5 kan jag verkligen rekommendera att testa Pommes frites kryddsalt vid tillf\u00e4lle. Riktigt god blir s\u00e5v\u00e4l ugnspotatis som stekt potatis om man l\u00e4gger lite krydda p\u00e5.<\/p>\n<p>Brasan sprakar i spisen och kaffebryggaren \u00e4r klar att kn\u00e4ppa p\u00e5.\u00a0Och under kv\u00e4llen f\u00f6ljer vi, likt m\u00e5nga andra, Meldofestivalen.\u00a0Det \u00e4r dags f\u00f6r delt\u00e4vling 2 av den svenska uttagningen. Och samtidigt \u00e4r det \u00e4ven dags att kora vinnaren i den finska finalen. S\u00e5 jag skulle tro att det blir att zappa mellan kanalerna i kv\u00e4ll.<\/p>\n<p>Ha en fortsatt fin l\u00f6rdag,<br \/>\n\u00c4nglakramar!!<\/p>\n","protected":false},"excerpt":{"rendered":"<p>Vi har hunnit en bit in i februari nu. Sn\u00f6n ligger tjock p\u00e5 marken men det m\u00e4rks att dagarna blir ljusare f\u00f6r varje dag som g\u00e5r. Dagen har flutit p\u00e5 i lugn takt och s\u00e5 l\u00e4r det forts\u00e4tta resen av &hellip; <a href=\"https:\/\/blog.skruttet.com\/?p=4813\">Forts\u00e4tt l\u00e4sa <span class=\"meta-nav\">&rarr;<\/span><\/a><\/p>\n","protected":false},"author":1,"featured_media":0,"comment_status":"open","ping_status":"open","sticky":false,"template":"","format":"standard","meta":[],"categories":[18,12,16],"tags":[],"_links":{"self":[{"href":"https:\/\/blog.skruttet.com\/index.php?rest_route=\/wp\/v2\/posts\/4813"}],"collection":[{"href":"https:\/\/blog.skruttet.com\/index.php?rest_route=\/wp\/v2\/posts"}],"about":[{"href":"https:\/\/blog.skruttet.com\/index.php?rest_route=\/wp\/v2\/types\/post"}],"author":[{"embeddable":true,"href":"https:\/\/blog.skruttet.com\/index.php?rest_route=\/wp\/v2\/users\/1"}],"replies":[{"embeddable":true,"href":"https:\/\/blog.skruttet.com\/index.php?rest_route=%2Fwp%2Fv2%2Fcomments&post=4813"}],"version-history":[{"count":4,"href":"https:\/\/blog.skruttet.com\/index.php?rest_route=\/wp\/v2\/posts\/4813\/revisions"}],"predecessor-version":[{"id":4818,"href":"https:\/\/blog.skruttet.com\/index.php?rest_route=\/wp\/v2\/posts\/4813\/revisions\/4818"}],"wp:attachment":[{"href":"https:\/\/blog.skruttet.com\/index.php?rest_route=%2Fwp%2Fv2%2Fmedia&parent=4813"}],"wp:term":[{"taxonomy":"category","embeddable":true,"href":"https:\/\/blog.skruttet.com\/index.php?rest_route=%2Fwp%2Fv2%2Fcategories&post=4813"},{"taxonomy":"post_tag","embeddable":true,"href":"https:\/\/blog.skruttet.com\/index.php?rest_route=%2Fwp%2Fv2%2Ftags&post=4813"}],"curies":[{"name":"wp","href":"https:\/\/api.w.org\/{rel}","templated":true}]}}