{"id":4829,"date":"2013-02-14T14:19:27","date_gmt":"2013-02-14T12:19:27","guid":{"rendered":"http:\/\/www.skruttet.com\/?p=4829"},"modified":"2013-02-14T14:51:44","modified_gmt":"2013-02-14T12:51:44","slug":"mer-karlek-at-folket","status":"publish","type":"post","link":"https:\/\/blog.skruttet.com\/?p=4829","title":{"rendered":"Mer k\u00e4rlek \u00e5t folket!"},"content":{"rendered":"<p>Mer k\u00e4rlek \u00e5t folket!<a href=\"http:\/\/www.skruttet.com\/?attachment_id=4831\" rel=\"attachment wp-att-4831\"><img loading=\"lazy\" class=\"alignright size-medium wp-image-4831\" alt=\"keramikhj\u00e4rta\" src=\"http:\/\/www.skruttet.com\/blog\/wp-content\/uploads\/2013\/02\/keramikhj\u00e4rta1-300x225.jpg\" width=\"300\" height=\"225\" srcset=\"https:\/\/blog.skruttet.com\/wp-content\/uploads\/2013\/02\/keramikhj\u00e4rta1-300x225.jpg 300w, https:\/\/blog.skruttet.com\/wp-content\/uploads\/2013\/02\/keramikhj\u00e4rta1.jpg 730w\" sizes=\"(max-width: 300px) 100vw, 300px\" \/><\/a><\/p>\n<p>Almanackan p\u00e5 v\u00e4ggen visar 14 februari.<br \/>\nDet \u00e4r Alla \u2665-ans dag. V\u00e4ndagen.<br \/>\nValentine\u00b4s day.<\/p>\n<p>En dag fylld av k\u00e4rlek. Omtanke och kramar. I sociala medier sprids hj\u00e4rtan och rosor i m\u00e4ngder.<br \/>\nOch dagen till \u00e4ra finns fylls butikerna med ett hav av rosor och choklad och annat som vi konsumenter kan t\u00e4nkas vilja ha\u00a0just i dag.<br \/>\nDen v\u00e4ldiga k\u00f6physterin nog mot mitt tycke strider, men jag gillar den extra v\u00e4nlighet,v\u00e4rme och k\u00e4rlek dagen sprider.<\/p>\n<p>Du gl\u00f6mmer v\u00e4l inte att ge en extra varm kram i dag??<\/p>\n<p>H\u00e4r uppm\u00e4rksammar vi hj\u00e4rtedagen i kv\u00e4ll och far ut p\u00e5 dejt.<br \/>\nMysigt ska det bli! Det k\u00e4nns n\u00e4stan lite som att vara nyk\u00e4r &#8211; fast p\u00e5 ett djupare plan \ud83d\ude42<\/p>\n<p>En riktigt fin\u00a0\u2665-dag \u00f6nskar jag just<em><span style=\"text-decoration: underline;\"> dig!<br \/>\n<\/span><\/em>Tack f\u00f6r att du h\u00e4lsar p\u00e5 hos mig,<br \/>\nVarma \u00c4nglakramar!<\/p>\n<p style=\"text-align: center;\"><a title=\"Stiftelsen - Vart jag \u00e4n g\u00e5r\" href=\"http:\/\/www.youtube.com\/watch?v=1TMXA8SIdcM\"><a href=\"http:\/\/www.youtube.com\/watch?v=1TMXA8SIdcM\">Stiftelsen &#8211; Vart jag \u00e4n g\u00e5r<\/a><\/a><\/p>\n","protected":false},"excerpt":{"rendered":"<p>Mer k\u00e4rlek \u00e5t folket! Almanackan p\u00e5 v\u00e4ggen visar 14 februari. Det \u00e4r Alla \u2665-ans dag. V\u00e4ndagen. Valentine\u00b4s day. En dag fylld av k\u00e4rlek. Omtanke och kramar. I sociala medier sprids hj\u00e4rtan och rosor i m\u00e4ngder. Och dagen till \u00e4ra finns &hellip; <a href=\"https:\/\/blog.skruttet.com\/?p=4829\">Forts\u00e4tt l\u00e4sa <span class=\"meta-nav\">&rarr;<\/span><\/a><\/p>\n","protected":false},"author":1,"featured_media":0,"comment_status":"open","ping_status":"open","sticky":false,"template":"","format":"standard","meta":[],"categories":[8,16],"tags":[],"_links":{"self":[{"href":"https:\/\/blog.skruttet.com\/index.php?rest_route=\/wp\/v2\/posts\/4829"}],"collection":[{"href":"https:\/\/blog.skruttet.com\/index.php?rest_route=\/wp\/v2\/posts"}],"about":[{"href":"https:\/\/blog.skruttet.com\/index.php?rest_route=\/wp\/v2\/types\/post"}],"author":[{"embeddable":true,"href":"https:\/\/blog.skruttet.com\/index.php?rest_route=\/wp\/v2\/users\/1"}],"replies":[{"embeddable":true,"href":"https:\/\/blog.skruttet.com\/index.php?rest_route=%2Fwp%2Fv2%2Fcomments&post=4829"}],"version-history":[{"count":5,"href":"https:\/\/blog.skruttet.com\/index.php?rest_route=\/wp\/v2\/posts\/4829\/revisions"}],"predecessor-version":[{"id":4833,"href":"https:\/\/blog.skruttet.com\/index.php?rest_route=\/wp\/v2\/posts\/4829\/revisions\/4833"}],"wp:attachment":[{"href":"https:\/\/blog.skruttet.com\/index.php?rest_route=%2Fwp%2Fv2%2Fmedia&parent=4829"}],"wp:term":[{"taxonomy":"category","embeddable":true,"href":"https:\/\/blog.skruttet.com\/index.php?rest_route=%2Fwp%2Fv2%2Fcategories&post=4829"},{"taxonomy":"post_tag","embeddable":true,"href":"https:\/\/blog.skruttet.com\/index.php?rest_route=%2Fwp%2Fv2%2Ftags&post=4829"}],"curies":[{"name":"wp","href":"https:\/\/api.w.org\/{rel}","templated":true}]}}